{"id":575,"date":"2022-03-08T14:24:29","date_gmt":"2022-03-08T17:24:29","guid":{"rendered":"https:\/\/wp.digitaltv.com.ar\/?p=575"},"modified":"2022-03-08T14:43:50","modified_gmt":"2022-03-08T17:43:50","slug":"8-de-marzo-es-importante-poder-ver-las-problematicas-con-una-perspectiva-de-genero","status":"publish","type":"post","link":"https:\/\/news.digitaltv.com.ar\/?p=575","title":{"rendered":"8 de Marzo \u201cEs importante poder ver las problem\u00e1ticas con una perspectiva de g\u00e9nero\u201d"},"content":{"rendered":"\n<p>\u00c1ngeles Rodr\u00edguez es abogada feminista, trabaja en la provincia de Santa Fe, realiza charlas, capacitaciones y participa activamente del 8 de marzo.<\/p>\n\n\n\n<p>\u201cEs un d\u00eda importante de lucha y reivindicaci\u00f3n de nuestros derechos, para mi trabajo es importante poder ver las problem\u00e1ticas con una perspectiva de g\u00e9nero, es necesario poder observar eso para ejercer determinadas pr\u00e1cticas, en mi caso la abogac\u00eda\u201d comenz\u00f3 \u00c1ngeles Rodr\u00edguez.<\/p>\n\n\n\n<p>En Argentina hay leyes que permiten un mejor tratamiento en temas de g\u00e9nero \u201cLa ley Micaela plantea la obligaci\u00f3n de capacitarse en perspectiva de g\u00e9nero en los tres estamentos del estado y en la parte privada, esta dice que en los espacios privados deben garantizar espacios libres de violencia y discriminaciones, esta instrumentado pero tiene que haber un alcance de conciencia\u201d.<\/p>\n\n\n\n<p>Si bien en muchos casos se hace la utilizaci\u00f3n de los recursos, las respuestas no llegan a tiempo \u201chay una responsabilidad por parte de la justicia y deben tener una capacitaci\u00f3n para poder llevarlo a cabo, venimos de una sociedad educada de manera patriarcal y machista, hoy somos m\u00e1s visibles que nunca\u201d.<\/p>\n\n\n\n<p>Con respecto al 8 de marzo agreg\u00f3 \u201cno nos cansamos, con el movimiento de mujeres logramos la conquista de un derecho que nos hab\u00edan arrebatado, el aborto no fue siempre ilegal y vamos por mas, estamos dispuestas a que nos escuchen, podemos ocupar espacios de poder, la lucha comienza desde adentro\u201d.<\/p>\n","protected":false},"excerpt":{"rendered":"<p>\u00c1ngeles Rodr\u00edguez es abogada feminista, trabaja en la provincia de Santa Fe, realiza charlas, capacitaciones y participa activamente del 8 de marzo. \u201cEs un d\u00eda importante de lucha y reivindicaci\u00f3n de nuestros derechos, para mi trabajo es importante poder ver las problem\u00e1ticas con una perspectiva de g\u00e9nero, es necesario poder observar eso para ejercer determinadas [&hellip;]<\/p>\n","protected":false},"author":2,"featured_media":576,"comment_status":"open","ping_status":"open","sticky":false,"template":"","format":"standard","meta":{"_monsterinsights_skip_tracking":false,"_monsterinsights_sitenote_active":false,"_monsterinsights_sitenote_note":"","_monsterinsights_sitenote_category":0,"footnotes":""},"categories":[150],"tags":[],"class_list":["post-575","post","type-post","status-publish","format-standard","has-post-thumbnail","hentry","category-actualidad"],"_links":{"self":[{"href":"https:\/\/news.digitaltv.com.ar\/index.php?rest_route=\/wp\/v2\/posts\/575","targetHints":{"allow":["GET"]}}],"collection":[{"href":"https:\/\/news.digitaltv.com.ar\/index.php?rest_route=\/wp\/v2\/posts"}],"about":[{"href":"https:\/\/news.digitaltv.com.ar\/index.php?rest_route=\/wp\/v2\/types\/post"}],"author":[{"embeddable":true,"href":"https:\/\/news.digitaltv.com.ar\/index.php?rest_route=\/wp\/v2\/users\/2"}],"replies":[{"embeddable":true,"href":"https:\/\/news.digitaltv.com.ar\/index.php?rest_route=%2Fwp%2Fv2%2Fcomments&post=575"}],"version-history":[{"count":1,"href":"https:\/\/news.digitaltv.com.ar\/index.php?rest_route=\/wp\/v2\/posts\/575\/revisions"}],"predecessor-version":[{"id":577,"href":"https:\/\/news.digitaltv.com.ar\/index.php?rest_route=\/wp\/v2\/posts\/575\/revisions\/577"}],"wp:featuredmedia":[{"embeddable":true,"href":"https:\/\/news.digitaltv.com.ar\/index.php?rest_route=\/wp\/v2\/media\/576"}],"wp:attachment":[{"href":"https:\/\/news.digitaltv.com.ar\/index.php?rest_route=%2Fwp%2Fv2%2Fmedia&parent=575"}],"wp:term":[{"taxonomy":"category","embeddable":true,"href":"https:\/\/news.digitaltv.com.ar\/index.php?rest_route=%2Fwp%2Fv2%2Fcategories&post=575"},{"taxonomy":"post_tag","embeddable":true,"href":"https:\/\/news.digitaltv.com.ar\/index.php?rest_route=%2Fwp%2Fv2%2Ftags&post=575"}],"curies":[{"name":"wp","href":"https:\/\/api.w.org\/{rel}","templated":true}]}}