{"id":5812,"date":"2022-10-27T11:27:19","date_gmt":"2022-10-27T14:27:19","guid":{"rendered":"https:\/\/news.digitaltv.com.ar\/?p=5812"},"modified":"2022-10-27T11:28:11","modified_gmt":"2022-10-27T14:28:11","slug":"este-es-el-camino","status":"publish","type":"post","link":"https:\/\/news.digitaltv.com.ar\/?p=5812","title":{"rendered":"\u201cESTE ES EL CAMINO\u201d"},"content":{"rendered":"\n<p><em>Luego de la eliminaci\u00f3n en octavos de final del Federal A, el capit\u00e1n de Douglas, Pablo Mazza, pas\u00f3 por los micr\u00f3fonos de La Gloria o Devoto e hizo un balance de la campa\u00f1a del rojinegro en la temporada. Para el delantero, m\u00e1s all\u00e1 del dolor por la derrota ante Bol\u00edvar del pasado domingo, existieron aspectos positivos durante el a\u00f1o que se deben repetir en el pr\u00f3ximo. El ex Asteras Tripolis de Grecia se\u00f1al\u00f3 que fueron protagonistas en todas las canchas, siempre se mantuvieron en zona clasificatoria, y adem\u00e1s desde lo institucional not\u00f3 un crecimiento enorme. Por eso, el atacante de 34 pirulos quiere revancha e insta a seguir por esta senda.<\/em><\/p>\n\n\n\n<p>Se termin\u00f3 el torneo para Douglas, luego de caer el pasado domingo pasado en Bol\u00edvar ante Ciudad y Pablo Mazza lo sufre: \u201cUn poco, todav\u00eda sigue la bronca y el dolor, nos va a llevar varios d\u00edas apaciguar esto\u201d, arranc\u00f3 la charla el capit\u00e1n, que hizo su balance: \u201cCreo que se cumplieron algunos objetivos, quedaron otros por cumplir. No lo pens\u00e9 ni lo analic\u00e9 pero mir\u00e1ndolo del lado positivo hace muchos a\u00f1os que Douglas no entraba en reducido directo, el \u00faltimo que jugamos fue post pandemia.Si lo ves por ese lado, es positivo. Quer\u00edamos ir por todo, no pudimos, en el \u00faltimo partido no estuvimos a la altura, no era el rival m\u00e1s dif\u00edcil de todos, hicimos un partido p\u00e9simo, hay que pedir disculpas, uno puede perder o ganar y nos falt\u00f3 actitud, eso es lo que nos reprochamos. Tuvimos un mal d\u00eda, si perd\u00edamos con Salta hubiese sido distinto, por eso el dolor y la bronca\u201d.<\/p>\n\n\n\n<p>Igualmente, seg\u00fan el ex Asteras Tripolis de Grecia no todo fue negativo en la temporada del Federal A: \u201cNo fue excelente ni tampoco mala, fue una campa\u00f1a regular donde se clasific\u00f3, donde el club hizo bien las cosas, institucionalmente se acomod\u00f3 mucho el club y creci\u00f3 en cuanto a infraestructura. Esto es un proceso largo, nosotros quer\u00edamos ascender pero luchamos contra grandes potencias, donde nos superan en cuanto a presupuesto y en detalles que quedaron a la vista. Creo que el club est\u00e1 muy bien y se tiene que preparar para el a\u00f1o que viene, armar un buen plantel y tiene los recursos necesarios para afrontar el a\u00f1o que viene con un equipo competitivo\u201d, manifest\u00f3, y ampli\u00f3: \u201cFuimos protagonistas, nos plantamos en todas las canchas, hubo un gran plantel, nos toc\u00f3 tener altibajos. Si hubi\u00e9semos sido regulares era distinta la historia. Los equipos nunca nos superaron, nosotros cometimos errores y regalamos los goles y perdimos puntos por parte nuestra, el \u00fanico que merecimos perder fue con Las Parejas, despu\u00e9s siempre los goles fueron por errores nuestro y no por virtud de ellos, esa es la bronca y la autocr\u00edtica que tenemos que hacer\u201d.<\/p>\n\n\n\n<p>Igualmente, Mazza quiso ser claro: \u201cCuando digo falta de actitud no me refiero a que no quer\u00edamos jugarlo ni agarrar la pelota, me refiero a que en otro partido est\u00e1bamos en desventaja y el equipo demostraba que pod\u00eda empatarlo, que pod\u00eda descontar, nos pas\u00f3 con Formosa, el \u00fanico partido que arrancamos perdiendo. En el primer tiempo tuvimos las opciones de descontar, no fuimos efectivos y el segundo tiempo se vio un Douglas desconocido\u201d, indic\u00f3, y sobre el encuentro frente a los del \u201cindio\u201d Ort\u00edz del fin de semana, opin\u00f3: \u201cLo que compartimos es la bronca de que no te lo ganan si no que vos lo perd\u00e9s, esa es la sensaci\u00f3n que tengo, que lo perdemos nosotros. Hay que aprender de los errores y hay una base para el a\u00f1o que viene, es cuesti\u00f3n de que el t\u00e9cnico decida qui\u00e9nes van a seguir. Hay grandes jugadores, es una linda base y haciendo las cosas bien, trayendo algunos refuerzos, pueden tener un Douglas competitivo. Este es el camino, todos los a\u00f1os uno quiere salir campe\u00f3n y para eso llegamos pero tampoco hay que tirar este a\u00f1o a la basura porque se hicieron cosas interesantes y creo que arreglando o sum\u00e1ndole algunas cosas se pueden hacer grandes cosas y tambi\u00e9n pelear el ascenso\u201d.<\/p>\n\n\n\n<p>En cuanto a su futuro, el atacante de 34 abriles expres\u00f3: \u201cUno sabe lo que yo siento por el club, es como mi casa, tambi\u00e9n soy consciente de que llegaron ofertas, las analizar\u00e9, pero la prioridad la tiene Douglas, depende de ellos y obviamente del t\u00e9cnico y qu\u00e9 deciden, despu\u00e9s me sentar\u00e9 hablar y si llegamos a un acuerdo seguir\u00e9. La intenci\u00f3n est\u00e1, la prioridad es de Douglas, se los dije, pero estoy en una etapa o en la recta final de mi carrera y uno analiza y piensa lo que es mejor para uno en estos \u00faltimos a\u00f1os. Estos d\u00edas no quiero pensar en nada, quiero descansar, que se pase la bronca, el dolor y despu\u00e9s ver\u00e9 qu\u00e9 ser\u00e1 de mi futuro\u201d, y pensando en lo que viene, reconoci\u00f3 los avances en la instituci\u00f3n: \u201cHay muchas cosas positivas, desde que llegu\u00e9 al club en 2017 mejor\u00f3 mucho en cuanto a campo de juego, a materiales, el club est\u00e1 ordenado, hay que seguir haci\u00e9ndolo, no el a\u00f1o que viene si no que durante muchos a\u00f1os. Es un proceso largo, es una categor\u00eda dif\u00edcil y si no se da el a\u00f1o que viene tiene que seguir intentando. Douglas no puede estar en esta categor\u00eda, hay que ser conscientes de que es muy dif\u00edcil, luch\u00e1s contra equipos y provincias muy poderosas entonces creo que este es el camino,<a><\/a> de seguir arrimando gente que colabore, de sponsors que te den la posibilidad de armar cosas importantes y de lo futbol\u00edstico hay una gran base, pero para eso est\u00e1n los dirigentes y el cuerpo t\u00e9cnico. Yo en cuanto al club estoy conforme con la labor que hicieron los dirigentes\u201d.<\/p>\n\n\n\n<p>Sin embargo, Pablo se refiri\u00f3 al debe y a los aspectos a mejorar: \u201cNos falt\u00f3 un poco m\u00e1s de peso en cuanto a las decisiones extra futbol\u00edsticas, los que vemos la categor\u00eda saben a qu\u00e9 me refiero, fuimos por varios partidos perjudicados y eso es un punto a corregir, no pretendo que los \u00e1rbitros nos ayuden si no que no nos perjudiquen. Este a\u00f1o cuando no nos perjudicaron le jugamos de igual a igual a todos y cuando nos perjudicaron nos tuvieron que asesinar para ganarnos, eso es un punto a corregir\u201d, asegur\u00f3, y es optimista en lo que se avecina: \u201cSi vos ya hiciste un escal\u00f3n ten\u00e9s que hacer el segundo, porque si arranc\u00e1s de cero no sub\u00eds m\u00e1s. Hay que repetir las cosas que se hicieron bien, mantener eso y mejorar las que no son tan buenas y as\u00ed vas construyendo algo firme porque arrancar de cero es imposible. Pero vi\u00e9ndolo desde adentro el club est\u00e1 muy bien, uno entiende al hincha, los que nos toca tener un sentimiento por el club tambi\u00e9n lo sentimos. Son momentos de calentura, ya va a pasar, somos conscientes de que el \u00faltimo partido no lo jugamos como una verdadera final, no porque no quisimos si no porque no tuvimos un gran d\u00eda y queda ese sabor amargo, pero el a\u00f1o que viene Douglas va a ser protagonista, por la historia y porque es un club importante que va a tener chances de pelear\u201d. Y en el cierre, dio su favorito al ascenso: \u201cRacing de C\u00f3rdoba es un gran equipo y para m\u00ed si no pasa nada raro es el gran candidato, en cuanto a juego y todo lo que hizo este a\u00f1o y lo que viene haciendo, hace cuatros a\u00f1os vienen jugando los mismos jugadores\u201d.<\/p>\n","protected":false},"excerpt":{"rendered":"<p>Luego de la eliminaci\u00f3n en octavos de final del Federal A, el capit\u00e1n de Douglas, Pablo Mazza, pas\u00f3 por los micr\u00f3fonos de La Gloria o Devoto e hizo un balance de la campa\u00f1a del rojinegro en la temporada. Para el delantero, m\u00e1s all\u00e1 del dolor por la derrota ante Bol\u00edvar del pasado domingo, existieron aspectos [&hellip;]<\/p>\n","protected":false},"author":1,"featured_media":5813,"comment_status":"open","ping_status":"open","sticky":false,"template":"","format":"standard","meta":{"_monsterinsights_skip_tracking":false,"_monsterinsights_sitenote_active":false,"_monsterinsights_sitenote_note":"","_monsterinsights_sitenote_category":0,"footnotes":""},"categories":[7],"tags":[170],"class_list":["post-5812","post","type-post","status-publish","format-standard","has-post-thumbnail","hentry","category-deportes","tag-170"],"_links":{"self":[{"href":"https:\/\/news.digitaltv.com.ar\/index.php?rest_route=\/wp\/v2\/posts\/5812","targetHints":{"allow":["GET"]}}],"collection":[{"href":"https:\/\/news.digitaltv.com.ar\/index.php?rest_route=\/wp\/v2\/posts"}],"about":[{"href":"https:\/\/news.digitaltv.com.ar\/index.php?rest_route=\/wp\/v2\/types\/post"}],"author":[{"embeddable":true,"href":"https:\/\/news.digitaltv.com.ar\/index.php?rest_route=\/wp\/v2\/users\/1"}],"replies":[{"embeddable":true,"href":"https:\/\/news.digitaltv.com.ar\/index.php?rest_route=%2Fwp%2Fv2%2Fcomments&post=5812"}],"version-history":[{"count":1,"href":"https:\/\/news.digitaltv.com.ar\/index.php?rest_route=\/wp\/v2\/posts\/5812\/revisions"}],"predecessor-version":[{"id":5814,"href":"https:\/\/news.digitaltv.com.ar\/index.php?rest_route=\/wp\/v2\/posts\/5812\/revisions\/5814"}],"wp:featuredmedia":[{"embeddable":true,"href":"https:\/\/news.digitaltv.com.ar\/index.php?rest_route=\/wp\/v2\/media\/5813"}],"wp:attachment":[{"href":"https:\/\/news.digitaltv.com.ar\/index.php?rest_route=%2Fwp%2Fv2%2Fmedia&parent=5812"}],"wp:term":[{"taxonomy":"category","embeddable":true,"href":"https:\/\/news.digitaltv.com.ar\/index.php?rest_route=%2Fwp%2Fv2%2Fcategories&post=5812"},{"taxonomy":"post_tag","embeddable":true,"href":"https:\/\/news.digitaltv.com.ar\/index.php?rest_route=%2Fwp%2Fv2%2Ftags&post=5812"}],"curies":[{"name":"wp","href":"https:\/\/api.w.org\/{rel}","templated":true}]}}