{"id":5815,"date":"2022-10-27T11:29:33","date_gmt":"2022-10-27T14:29:33","guid":{"rendered":"https:\/\/news.digitaltv.com.ar\/?p=5815"},"modified":"2022-10-27T11:29:58","modified_gmt":"2022-10-27T14:29:58","slug":"nos-fueron-pegando-todo-el-ano","status":"publish","type":"post","link":"https:\/\/news.digitaltv.com.ar\/?p=5815","title":{"rendered":"&#8220;NOS FUERON PEGANDO TODO EL A\u00d1O&#8221;"},"content":{"rendered":"\n<p><em>Uno de los m\u00e1ximos dirigentes de Alem, Andr\u00e9s Mois\u00e9s, dialog\u00f3 con La Gloria o Devoto luego de anoticiarse en la previa de la revancha de la final de la categor\u00eda sub 21 ante Douglas, que la liga les suspendi\u00f3 la cancha. Con suma bronca, el joven directivo exhibi\u00f3 su descontento ya que el pasado s\u00e1bado en su reducto del 12 de octubre tuvieron actividad con un encuentro definitorio de sub 12, pero la entidad de calle Florida aduce un error. Por eso, el ex presidente pidi\u00f3 una soluci\u00f3n inmediata tras sortear una temporada h\u00edper compleja desde lo econ\u00f3mico.<\/em><\/p>\n\n\n\n<p>En la v\u00edspera de la final\u00edsima de vuelta ante Douglas en la categor\u00eda sub 21, Alem recibi\u00f3 la dur\u00edsima noticia que tiene nuevamente su escenario suspendido: \u201cNo hay nada definido hasta el momento, pedimos una reuni\u00f3n de suma urgencia con el Tribunal de Disciplina por el hecho que no nos dejan jugar en nuestra cancha porque tenemos una suspensi\u00f3n donde el Bolet\u00edn Oficial no dice la fecha, dice que es provisorio, lo cual el d\u00eda s\u00e1bado jugamos una final con la sub 12 Alem versus Juventud y qued\u00f3 habilitada la cancha\u201d, comenz\u00f3 el relato Andr\u00e9s Mois\u00e9s, uno de los m\u00e1ximos dirigentes de esa instituci\u00f3n.<\/p>\n\n\n\n<p>Acerca del cotejo que s\u00ed se pudo disputar el pasado fin de semana, el joven directivo se explay\u00f3: \u201cNos dijeron que no, que fue un error, ayer nos atendi\u00f3 H\u00e9ctor Riera, nos dijo que fue un error de ellos habernos hecho jugar de local en nuestra cancha y que no pod\u00edamos jugar con sub 21\u201d, y enseguida ampli\u00f3: \u201cSupuestamente lo que nos dijeron ayer es que no podemos jugar porque no se levant\u00f3 la sanci\u00f3n y ah\u00ed viene el enojo nuestro. Si en un Bolet\u00edn Oficial nos dice que tenemos la cancha inhabilitada provisoriamente y nos dan la habilitaci\u00f3n para jugar el fin de semana anterior, no s\u00e9 por qu\u00e9 ahora nos salen con esto\u201d.<\/p>\n\n\n\n<p>Para Mois\u00e9s y su entidad es otro golpazo dentro de una temporada compleja desde lo econ\u00f3mico: \u201cNosotros desde principio de a\u00f1o ten\u00edamos habilitada la cancha, jugamos con las inferiores ah\u00ed y nos suspendieron hace poquito porque hubo un ingreso de alcohol desde afuera de la cancha hacia adentro. La bronca nuestra es que no miden todo con la misma vara, hubo canchas donde hubo gas pimienta, agresiones f\u00edsicas, donde hubo un mont\u00f3n de cosas y hoy por hoy esas canchas est\u00e1n habilitadas y por un ingreso de alcohol en inferiores nos cierran las puertas de todos lados, me parece que nos fueron pegando todo el a\u00f1o y ya estar\u00edamos, nosotros tuvimos que salir a alquilar la cancha todo el a\u00f1o y esa plata si iba al club hoy estar\u00edamos en mejores condiciones y esa es la bronca que nosotros tenemos. Sin ir m\u00e1s lejos en un partido de inferiores se pelean dos jugadores que no son de Alem y nos cobraron $13 mil de multa\u201d, manifest\u00f3.<\/p>\n\n\n\n<p>Sobre la habilitaci\u00f3n reciente que les otorgaron y la nueva suspensi\u00f3n, detall\u00f3 el ex presidente: \u201cNosotros todo el a\u00f1o pedimos ayuda para que nos habiliten la cancha y nunca pas\u00f3 nada, nosotros nos tomamos el trabajo de contactarnos con Aprevide y nos habilitan la cancha, entonces \u00bfqui\u00e9n nos representa a nosotros? Hoy tengo la cancha suspendida por la liga de Pergamino\u201d, tir\u00f3, y de c\u00f3mo sigue la historia, expres\u00f3: \u201cHoy pedimos una reuni\u00f3n en car\u00e1cter de urgencia con el Tribunal de Disciplina para ver por qu\u00e9 tenemos sancionada la cancha todav\u00eda y por qu\u00e9 nos dej\u00f3 jugar una final el fin de semana pasado\u201d.<\/p>\n\n\n\n<p>En este contexto, Andr\u00e9s exige una resoluci\u00f3n r\u00e1pida: \u201cNosotros buscamos una soluci\u00f3n inmediata, el fin de semana se jug\u00f3 el partido de ida en cancha de Douglas, la liga nos dicen que ellos ponen una cancha y que la boleter\u00eda la pasan a manejar ellos \u00bfpor qu\u00e9 no lo hicieron con Douglas a eso y s\u00ed con nosotros? En el partido de vuelta te quieren elegir la cancha ellos y manejar la boleter\u00eda ellos\u201d, indic\u00f3, y cerr\u00f3 con un deseo: \u201cLa reuni\u00f3n fue ayer y hoy esperemos que nos atienda Guillermo Capdevilla, necesitamos una respuesta inmediata, estamos jugando una instancia final y todo un barrio revolucionado y que pasen estas cosas no le cae bien a nadie ni al mismo f\u00fatbol de Pergamino\u201d.<\/p>\n","protected":false},"excerpt":{"rendered":"<p>Uno de los m\u00e1ximos dirigentes de Alem, Andr\u00e9s Mois\u00e9s, dialog\u00f3 con La Gloria o Devoto luego de anoticiarse en la previa de la revancha de la final de la categor\u00eda sub 21 ante Douglas, que la liga les suspendi\u00f3 la cancha. Con suma bronca, el joven directivo exhibi\u00f3 su descontento ya que el pasado s\u00e1bado [&hellip;]<\/p>\n","protected":false},"author":1,"featured_media":5816,"comment_status":"open","ping_status":"open","sticky":false,"template":"","format":"standard","meta":{"_monsterinsights_skip_tracking":false,"_monsterinsights_sitenote_active":false,"_monsterinsights_sitenote_note":"","_monsterinsights_sitenote_category":0,"footnotes":""},"categories":[7],"tags":[170],"class_list":["post-5815","post","type-post","status-publish","format-standard","has-post-thumbnail","hentry","category-deportes","tag-170"],"_links":{"self":[{"href":"https:\/\/news.digitaltv.com.ar\/index.php?rest_route=\/wp\/v2\/posts\/5815","targetHints":{"allow":["GET"]}}],"collection":[{"href":"https:\/\/news.digitaltv.com.ar\/index.php?rest_route=\/wp\/v2\/posts"}],"about":[{"href":"https:\/\/news.digitaltv.com.ar\/index.php?rest_route=\/wp\/v2\/types\/post"}],"author":[{"embeddable":true,"href":"https:\/\/news.digitaltv.com.ar\/index.php?rest_route=\/wp\/v2\/users\/1"}],"replies":[{"embeddable":true,"href":"https:\/\/news.digitaltv.com.ar\/index.php?rest_route=%2Fwp%2Fv2%2Fcomments&post=5815"}],"version-history":[{"count":1,"href":"https:\/\/news.digitaltv.com.ar\/index.php?rest_route=\/wp\/v2\/posts\/5815\/revisions"}],"predecessor-version":[{"id":5817,"href":"https:\/\/news.digitaltv.com.ar\/index.php?rest_route=\/wp\/v2\/posts\/5815\/revisions\/5817"}],"wp:featuredmedia":[{"embeddable":true,"href":"https:\/\/news.digitaltv.com.ar\/index.php?rest_route=\/wp\/v2\/media\/5816"}],"wp:attachment":[{"href":"https:\/\/news.digitaltv.com.ar\/index.php?rest_route=%2Fwp%2Fv2%2Fmedia&parent=5815"}],"wp:term":[{"taxonomy":"category","embeddable":true,"href":"https:\/\/news.digitaltv.com.ar\/index.php?rest_route=%2Fwp%2Fv2%2Fcategories&post=5815"},{"taxonomy":"post_tag","embeddable":true,"href":"https:\/\/news.digitaltv.com.ar\/index.php?rest_route=%2Fwp%2Fv2%2Ftags&post=5815"}],"curies":[{"name":"wp","href":"https:\/\/api.w.org\/{rel}","templated":true}]}}