{"id":5834,"date":"2022-10-29T08:21:33","date_gmt":"2022-10-29T11:21:33","guid":{"rendered":"https:\/\/news.digitaltv.com.ar\/?p=5834"},"modified":"2022-10-29T08:21:53","modified_gmt":"2022-10-29T11:21:53","slug":"el-nombre-de-pergamino-lo-vio-todo-el-pais","status":"publish","type":"post","link":"https:\/\/news.digitaltv.com.ar\/?p=5834","title":{"rendered":"&#8220;EL NOMBRE DE PERGAMINO LO VIO TODO EL PA\u00cdS&#8221;"},"content":{"rendered":"\n<p><em>H\u00e9ctor Riera fue ganador del premio Alumni 2022 en la categor\u00eda de dirigente destacado por la Jurisdicci\u00f3n Bonaerense, y en La Gloria o Devoto mostr\u00f3 su orgullo de llevar el legado de su liga y su ciudad en la ceremonia que se llev\u00f3 a cabo en el predio de AFA en Ezeiza el jueves por la noche. \u201cChulengo\u201d, junto con otros 6 pares fue distinguido por el C\u00edrculo de Directivos y ex Directivos del F\u00fatbol Argentino&nbsp;(Cidedfa), y record\u00f3 sus comienzos, confes\u00f3 lo que significa esta nominaci\u00f3n, y aclar\u00f3 que el que gan\u00f3 no fue \u00e9l sino el f\u00fatbol de su localidad, aunque considera que los clubes de la misma jam\u00e1s lo aprovecharon.<\/em><\/p>\n\n\n\n<p>En la noche del jueves, en el predio de AFA en Ezeiza, H\u00e9ctor Riera fue distinguido por el C\u00edrculo de Directivos y ex Directivos del F\u00fatbol Argentino&nbsp;(Cidedfa), y gan\u00f3 uno de los 7 premios Alumni destinados a la categor\u00eda de dirigentedestacado por el Consejo Federal, \u00e9l en la Jurisdicci\u00f3n Bonaerense: \u201cCuando yo empec\u00e9 a trabajar, para m\u00ed no fue un trabajo, sino fue parte de mi vida con los clubes, fue en el a\u00f1o 1970, que me llev\u00f3 mi primo con mi t\u00edo al club Sports, de ah\u00ed empec\u00e9 a ir a la liga de f\u00fatbol, estoy hablando de 51, 52 a\u00f1os y del a\u00f1o 1996 con algunas ocasiones que no pod\u00eda estar porque los estatutos no me los permit\u00edan, que estoy al frente o al lado de la Liga de f\u00fatbol. Esto fue un reconocimiento, pero esto se debe al f\u00fatbol de Pergamino, ojal\u00e1 que alg\u00fan d\u00eda, autoridades y muchas cosas m\u00e1s, se den cuenta lo que la liga de f\u00fatbol represent\u00f3 para Pergamino, la provincia y el pa\u00eds, porque cuando yo digo que el \u00faltimo censo que hicieron que fue como hace 4 a\u00f1os y Pergamino estaba en el 6to lugar junto con la liga de Tucum\u00e1n, ten\u00edamos 3 o 4 ligas arriba, C\u00f3rdoba que es inmensa, Mendoza, la liga de Mar del Plata, por el trabajo, por los dirigentes, por todo lo que se hizo y hace para el deporte y para el f\u00fatbol, espero que alg\u00fan d\u00eda se den cuenta, de la gente que hubo y los grandes dirigentes que pasaron por el f\u00fatbol de Pergamino, que fueron pr\u00f3ceres de dirigentes\u201d, arranc\u00f3 la charla el Asamble\u00edsta.<\/p>\n\n\n\n<p>Sin embargo, fiel a su costumbre, \u201cChulengo\u201d tambi\u00e9n exhibi\u00f3 sus quejas: \u201cYo ya vengo muy cansado, vengo con muchos ataques f\u00edsicos arriba m\u00edo, estuve muy mal estos \u00faltimos tres a\u00f1os, la verdad que para m\u00ed fueron mal\u00edsimos personalmente, y es mucha la gente amiga que se me fue con todas estas enfermedades y esto te quita ganas, te quita todo y m\u00e1s en este pa\u00eds. Si me hablan sobre el f\u00fatbol, siempre dije que el de arriba me d\u00e9 vida hasta que la liga de f\u00fatbol de Pergamino pueda tener el edificio, su casa propia, y aunque no sea dirigente, poder estar ah\u00ed para cuando eso se inaugure. Voy a hacer hasta lo imposible para poder llegar, pero uno viene muy cansado y tambi\u00e9n viene muy cansado de los dirigentes del f\u00fatbol de Pergamino, que no te reconocen lo que uno hizo y hace. Lamentablemente hoy en el f\u00fatbol de Pergamino ten\u00e9s un 50%, 60% de dirigentes, y otro 40% que est\u00e1n manejando los clubes, que no son dirigentes de esos clubes, son dirigentes porque cayeron en ese momento, porque est\u00e1 jugando el hijo, porque tienen ganas de trabajar para un club y no les interesa nada lo que es la organizaci\u00f3n, de lo que son los reglamentos, las cosas que hay que hacer y eso te quita muchas ganas, y m\u00e1s en el momento que se vive, donde no sab\u00e9s lo que es programar una fecha en el f\u00fatbol de Pergamino, que se hace imposible. No tenemos polic\u00edas, hay que jugar dos o tres partidos en un d\u00eda porque polic\u00edas no hay, hay que jugar entresemana y los clubes se quejan con raz\u00f3n pero no es f\u00e1cil todo esto y te sacan las ganas. Hay que calcular que uno con la felicidad que ten\u00eda anoche, que despu\u00e9s de 51 a\u00f1os estar trabajando para el f\u00fatbol de Pergamino y recibir m\u00e1s de 300 mensajes de todo el interior del pa\u00eds felicit\u00e1ndome y un dirigente de un club me mande un mensaje dici\u00e9ndome de todo por un partido de f\u00fatbol que se va a jugar dentro de 2 o 3 d\u00edas, cuando no tengo nada que ver en eso. Esto te quitan ganas, fuerzas y voluntad y m\u00e1s cuando son clubes a los que les hiciste 100 favores, porque hay clubes en Pergamino, que no los voy a decir nunca pero les hice favores que ni siquiera los socios de m\u00e1s de 50 a\u00f1os se lo han hecho y yo s\u00ed. Despu\u00e9s hay dirigentes que salen a mentir por las radios y esas cosas te cansan\u201d, manifest\u00f3.<\/p>\n\n\n\n<p>Pasada la \u201cmolestia\u201d, Riera mostr\u00f3 su lado ambicioso: \u201cCon todo lo que hice durante tantos a\u00f1os por el f\u00fatbol de Pergamino, por los clubes de Pergamino, por los chicos de Pergamino, tengo m\u00e1s ganas que nunca, me ofrec\u00ed con la Asociaci\u00f3n de B\u00e1squet que para lo que me necesiten estoy, lo hice con todos los deportes que para lo que necesiten, ll\u00e1menme\u201d, asegur\u00f3.<\/p>\n\n\n\n<p>Con su llegada y contactos en la casa de calle Viamonte en Capital Federal, el vicepresidente liguista fue consultado si las instituciones pergaminenses sacan realmente provecho de su injerencia, y \u00e9ste se sincer\u00f3: \u201cYo pienso que no, tuve una comunicaci\u00f3n con un presidente y le dije, \u00b4ustedes nunca me tuvieron en cuenta a m\u00ed, hace 30 a\u00f1os que est\u00e1n y jam\u00e1s me tuvieron en cuenta`. Creo que no me usaron nunca como me tendr\u00edan que haber usado, y yo no puedo ir a golpear y decirles \u00b4mir\u00e1, yo te puedo hacer esto o lo otro`, yo estoy para solucionar problemas cuando me necesitan, cada vez que se necesita algo de AFA. Much\u00edsimos han hablado conmigo y yo he tenido la suerte por el aprecio que me tienen de haber estado tantos a\u00f1os en el Consejo Federal, de poder solucionar much\u00edsimas cosas, me han llamado personalidades para preguntarme c\u00f3mo hice para conseguir eso-el regreso de Alejo Cid a ser contratado como \u00e1rbitro<a><\/a>-, porque no lo consigui\u00f3 nadie en todo el pa\u00eds. Son relaciones que uno tiene, ahora si me preguntan si me usaron como corresponde, yo digo que no\u201d, tir\u00f3.<\/p>\n\n\n\n<p>En el cierre, en medio de la alegr\u00eda por la nominaci\u00f3n, H\u00e9ctor destac\u00f3 el verdadero triunfo: \u201cEsto fue televisado y muchos me mandaron pero si prestan atenci\u00f3n y le preguntan a cualquiera de los que me escribieron \u00b4mir\u00e1, era Riera`, no van a saber qui\u00e9n es pero el nombre de Pergamino no se lo olvida nadie, porque no fue H\u00e9ctor Riera, fue H\u00e9ctor Riera de la liga de f\u00fatbol de Pergamino, entonces el nombre de Pergamino para los que les gusta el f\u00fatbol del interior lo vio todo el mundo, lo vio todo el pa\u00eds, y eso me llen\u00f3 y me reconfort\u00f3\u201d, culmin\u00f3.<\/p>\n","protected":false},"excerpt":{"rendered":"<p>H\u00e9ctor Riera fue ganador del premio Alumni 2022 en la categor\u00eda de dirigente destacado por la Jurisdicci\u00f3n Bonaerense, y en La Gloria o Devoto mostr\u00f3 su orgullo de llevar el legado de su liga y su ciudad en la ceremonia que se llev\u00f3 a cabo en el predio de AFA en Ezeiza el jueves por [&hellip;]<\/p>\n","protected":false},"author":7,"featured_media":5835,"comment_status":"open","ping_status":"open","sticky":false,"template":"","format":"standard","meta":{"_monsterinsights_skip_tracking":false,"_monsterinsights_sitenote_active":false,"_monsterinsights_sitenote_note":"","_monsterinsights_sitenote_category":0,"footnotes":""},"categories":[7],"tags":[170],"class_list":["post-5834","post","type-post","status-publish","format-standard","has-post-thumbnail","hentry","category-deportes","tag-170"],"_links":{"self":[{"href":"https:\/\/news.digitaltv.com.ar\/index.php?rest_route=\/wp\/v2\/posts\/5834","targetHints":{"allow":["GET"]}}],"collection":[{"href":"https:\/\/news.digitaltv.com.ar\/index.php?rest_route=\/wp\/v2\/posts"}],"about":[{"href":"https:\/\/news.digitaltv.com.ar\/index.php?rest_route=\/wp\/v2\/types\/post"}],"author":[{"embeddable":true,"href":"https:\/\/news.digitaltv.com.ar\/index.php?rest_route=\/wp\/v2\/users\/7"}],"replies":[{"embeddable":true,"href":"https:\/\/news.digitaltv.com.ar\/index.php?rest_route=%2Fwp%2Fv2%2Fcomments&post=5834"}],"version-history":[{"count":1,"href":"https:\/\/news.digitaltv.com.ar\/index.php?rest_route=\/wp\/v2\/posts\/5834\/revisions"}],"predecessor-version":[{"id":5836,"href":"https:\/\/news.digitaltv.com.ar\/index.php?rest_route=\/wp\/v2\/posts\/5834\/revisions\/5836"}],"wp:featuredmedia":[{"embeddable":true,"href":"https:\/\/news.digitaltv.com.ar\/index.php?rest_route=\/wp\/v2\/media\/5835"}],"wp:attachment":[{"href":"https:\/\/news.digitaltv.com.ar\/index.php?rest_route=%2Fwp%2Fv2%2Fmedia&parent=5834"}],"wp:term":[{"taxonomy":"category","embeddable":true,"href":"https:\/\/news.digitaltv.com.ar\/index.php?rest_route=%2Fwp%2Fv2%2Fcategories&post=5834"},{"taxonomy":"post_tag","embeddable":true,"href":"https:\/\/news.digitaltv.com.ar\/index.php?rest_route=%2Fwp%2Fv2%2Ftags&post=5834"}],"curies":[{"name":"wp","href":"https:\/\/api.w.org\/{rel}","templated":true}]}}