{"id":5837,"date":"2022-10-29T08:23:23","date_gmt":"2022-10-29T11:23:23","guid":{"rendered":"https:\/\/news.digitaltv.com.ar\/?p=5837"},"modified":"2022-10-30T10:10:47","modified_gmt":"2022-10-30T13:10:47","slug":"comisiones-de-diputados-debate-sobre-ley-de-humedales-con-presencia-de-gobernadores","status":"publish","type":"post","link":"https:\/\/news.digitaltv.com.ar\/?p=5837","title":{"rendered":"COMISIONES DE DIPUTADOS DEBATE SOBRE LEY DE HUMEDALES CON PRESENCIA DE GOBERNADORES"},"content":{"rendered":"\n<p>Un plenario de comisiones de la C\u00e1mara de Diputados retomar\u00e1 el pr\u00f3ximo jueves el debate del proyecto de Ley de Humedales, que iba a ser dictaminado el pasado jueves 29 de septiembre en una reuni\u00f3n que se suspendi\u00f3 pocas horas antes de su realizaci\u00f3n, ante el pedido de gobernadores provinciales para poder fijar sus posiciones sobre el tema.<\/p>\n\n\n\n<p>El presidente de la comisi\u00f3n de Recursos Naturales, el oficialista Leonardo Grosso, convoc\u00f3 al plenario que integran con Presupuesto y con Agricultura para el pr\u00f3ximo jueves a las 11 en el edificio anexo C.<\/p>\n\n\n\n<p>El proyecto estaba listo para ser dictaminado el pasado jueves 29 de septiembre, cuando se iba a retomar un cuarto intermedio al que las comisiones hab\u00edan pasado una semana antes, el jueves 22.<\/p>\n\n\n\n<p>Sin embargo, en la tarde del martes 28 de septiembre, la C\u00e1mara de Diputados, a instancia de la mayor\u00eda de los presidentes de los bloques parlamentarios, resolvi\u00f3 suspender ese plenario de comisiones, en una decisi\u00f3n que surgi\u00f3 tras acceder a un pedido de varios gobernadores para ser escuchados en el marco del debate.<\/p>\n\n\n\n<p>Con las firmas de los presidentes de bloque Germ\u00e1n Mart\u00ednez (Frente de Todos), Mario Negri (UCR), Cristian Ritondo (PRO), Juan Manuel L\u00f3pez (Evoluci\u00f3n Radical), Luis Di Giacomo (Provincias Unidas) y Margarita Stolbizer (Encuentro Federal), se solicit\u00f3 ese d\u00eda que &#8220;se fije una nueva fecha&#8221; para la continuidad del debate, &#8220;con el objeto de escuchar las posiciones de los gobiernos provinciales&#8221;.<\/p>\n\n\n\n<p>En el suspendido plenario,el grueso del oficialismo, parte del interbloque Federal y la Izquierda iban a buscar dictamen de mayor\u00eda sobre un conjunto de proyectos para garantizar la protecci\u00f3n y el uso racional de los humedales, en base a iniciativas presentadas por legisladores del FdT y la oposici\u00f3n y en medio de un fuerte reclamo de organizaciones ambientalistas para que se sancione una ley.<\/p>\n\n\n\n<p>La urgente sanci\u00f3n de una ley de protecci\u00f3n y gesti\u00f3n sostenible de los humedales es reclamada por organizaciones ambientalistas desde hace a\u00f1os, aunque la demanda se agudiz\u00f3 en los \u00faltimos meses producto de los recurrentes incendios forestales que afectan a la zona de islas del delta del Paran\u00e1, en Santa Fe, y otros puntos del pa\u00eds, especialmente en C\u00f3rdoba y San Luis.<\/p>\n\n\n\n<p>Los proyectos en estudio contemplan una definici\u00f3n de los humedales y proponen la realizaci\u00f3n de un inventario nacional, una suerte de mapa para que cada provincia precise las ubicaciones de estos espacios y defina qu\u00e9 caracter\u00edsticas tienen y qu\u00e9 funciones cumplen.<\/p>\n\n\n\n<p>Desde Juntos por el Cambio se inclinaban a propiciar un dictamen de minor\u00eda ya que no comparten el cronograma fijado por el oficialismo y mantienen diferencias con la propuesta del FDT.<\/p>\n\n\n\n<p>Tambi\u00e9n podr\u00eda presentar su propia propuesta la bancada de derecha Avanza la Libertad, que lidera Jos\u00e9 Luis Espert.<\/p>\n\n\n\n<p>Adem\u00e1s, el martes 27 de septiembre, especialistas convocados por el interbloque de Juntos por el Cambio plantearon en una reuni\u00f3n de la Comisi\u00f3n de Agricultura reparos a varios puntos del articulado del proyecto que impulsa la mayor\u00eda oficialista, y coincidieron en se\u00f1alar que la sanci\u00f3n de esta ley no traer\u00e1 soluci\u00f3n al problema de los incendios.<\/p>\n\n\n\n<p>La decisi\u00f3n de avanzar en el debate hab\u00eda sido acordada en la sesi\u00f3n del 15 de septiembre, cuando se aval\u00f3 una propuesta del diputado del Socialismo, Enrique Est\u00e9vez, para emplazar de manera urgente a las comisiones a debatir el texto que ya tuvo sanci\u00f3n de Diputados pero que perdi\u00f3 estado parlamentario.<\/p>\n\n\n\n<p>La Ley de Humedales es una iniciativa ciudadana presentada por primera vez en 2013, que ya obtuvo dos medias sanciones por parte del Senado (2013 y 2016), pero nunca pudo ser aprobada por la C\u00e1mara de Diputados.<\/p>\n","protected":false},"excerpt":{"rendered":"<p>Un plenario de comisiones de la C\u00e1mara de Diputados retomar\u00e1 el pr\u00f3ximo jueves el debate del proyecto de Ley de Humedales, que iba a ser dictaminado el pasado jueves 29 de septiembre en una reuni\u00f3n que se suspendi\u00f3 pocas horas antes de su realizaci\u00f3n, ante el pedido de gobernadores provinciales para poder fijar sus posiciones [&hellip;]<\/p>\n","protected":false},"author":1,"featured_media":5399,"comment_status":"open","ping_status":"open","sticky":false,"template":"","format":"standard","meta":{"_monsterinsights_skip_tracking":false,"_monsterinsights_sitenote_active":false,"_monsterinsights_sitenote_note":"","_monsterinsights_sitenote_category":0,"footnotes":""},"categories":[6],"tags":[160],"class_list":["post-5837","post","type-post","status-publish","format-standard","has-post-thumbnail","hentry","category-politica","tag-160"],"_links":{"self":[{"href":"https:\/\/news.digitaltv.com.ar\/index.php?rest_route=\/wp\/v2\/posts\/5837","targetHints":{"allow":["GET"]}}],"collection":[{"href":"https:\/\/news.digitaltv.com.ar\/index.php?rest_route=\/wp\/v2\/posts"}],"about":[{"href":"https:\/\/news.digitaltv.com.ar\/index.php?rest_route=\/wp\/v2\/types\/post"}],"author":[{"embeddable":true,"href":"https:\/\/news.digitaltv.com.ar\/index.php?rest_route=\/wp\/v2\/users\/1"}],"replies":[{"embeddable":true,"href":"https:\/\/news.digitaltv.com.ar\/index.php?rest_route=%2Fwp%2Fv2%2Fcomments&post=5837"}],"version-history":[{"count":1,"href":"https:\/\/news.digitaltv.com.ar\/index.php?rest_route=\/wp\/v2\/posts\/5837\/revisions"}],"predecessor-version":[{"id":5838,"href":"https:\/\/news.digitaltv.com.ar\/index.php?rest_route=\/wp\/v2\/posts\/5837\/revisions\/5838"}],"wp:featuredmedia":[{"embeddable":true,"href":"https:\/\/news.digitaltv.com.ar\/index.php?rest_route=\/wp\/v2\/media\/5399"}],"wp:attachment":[{"href":"https:\/\/news.digitaltv.com.ar\/index.php?rest_route=%2Fwp%2Fv2%2Fmedia&parent=5837"}],"wp:term":[{"taxonomy":"category","embeddable":true,"href":"https:\/\/news.digitaltv.com.ar\/index.php?rest_route=%2Fwp%2Fv2%2Fcategories&post=5837"},{"taxonomy":"post_tag","embeddable":true,"href":"https:\/\/news.digitaltv.com.ar\/index.php?rest_route=%2Fwp%2Fv2%2Ftags&post=5837"}],"curies":[{"name":"wp","href":"https:\/\/api.w.org\/{rel}","templated":true}]}}