{"id":5850,"date":"2022-10-30T09:55:47","date_gmt":"2022-10-30T12:55:47","guid":{"rendered":"https:\/\/news.digitaltv.com.ar\/?p=5850"},"modified":"2022-10-30T10:01:12","modified_gmt":"2022-10-30T13:01:12","slug":"buenos-aires-se-consagro-campeon-de-los-juegos-nacionales-evita","status":"publish","type":"post","link":"https:\/\/news.digitaltv.com.ar\/?p=5850","title":{"rendered":"BUENOS AIRES SE CONSAGR\u00d3 CAMPE\u00d3N DE LOS JUEGOS NACIONALES EVITA"},"content":{"rendered":"\n<p>La Provincia de Buenos Aires se qued\u00f3 con el primer puesto del medallero y la Copa Challenger de los Juegos Nacionales Evita 2022, que finalizaron hoy en Mar del Plata y de los que tomaron parte m\u00e1s de 25 mil j\u00f3venes de todo el pa\u00eds.<\/p>\n\n\n\n<p>Luego de cinco d\u00edas de competencias, Buenos Aires termin\u00f3 primero, el segundo puesto fue para C\u00f3rdoba y Santa Fe finaliz\u00f3 en tercer lugar, en tanto que la Copa Juego Limpio, que premia a la delegaci\u00f3n que mejor represent\u00f3 los valores de los juegos como el trabajo en equipo, el esfuerzo personal, el respeto por el otro y la solidaridad, qued\u00f3 en manos de La Rioja.<\/p>\n\n\n\n<p>En esta edici\u00f3n de los Juegos se produjo el debut de varias disciplinas como escalada deportiva, futsal, tenis, tiro con arco, skate y f\u00fatbol 7 mixto, entre las convencionales; y el b\u00e1dminton, f\u00fatbol 3 mixto para ciegos y powerlifting, entre las novedades para los y las deportistas con discapacidad.<\/p>\n\n\n\n<p>En total fueron 55 disciplinas distribuidas en m\u00e1s de 100 escenarios deportivos en clubes, playas y polis de Mar del Plata.<\/p>\n\n\n\n<p>&#8220;Estamos muy felices, la verdad es que desde el primer al \u00faltimo d\u00eda fue una fiesta espectacular. Chicos y chicas de todas las provincias encontr\u00e1ndose, divirti\u00e9ndose, haciendo amistades, muchas de las cuales quiz\u00e1s sean para toda la vida. Y varios y varias hasta conociendo el mar\u2026 Es una experiencia que no van a olvidar jam\u00e1s en la vida&#8221;, resalt\u00f3 Mat\u00edas Lammens, ministro de Turismo y Deportes de la Naci\u00f3n, cartera que organiz\u00f3 el evento.<\/p>\n\n\n\n<p>Nacidos en 1948 por iniciativa de Eva Duarte de Per\u00f3n y el ministro de salud, Ram\u00f3n Carrillo, buscando fomentar el desarrollo f\u00edsico y los chequeos m\u00e9dicos de miles de chicos y chicas, los Juegos Evita fueron incorporando a\u00f1o tras a\u00f1o m\u00e1s disciplinas y categor\u00edas e incrementando el n\u00famero de participantes.<\/p>\n\n\n\n<p>Este a\u00f1o, por caso, se disputaron, adem\u00e1s de estas finales nacionales de Juegos Juveniles y Juegos para Personas con Discapacidad, los Juegos de Playa (marzo, en Mar de Aj\u00f3) y los Juegos de Invierno (septiembre, en San Mart\u00edn de los Andes).<\/p>\n\n\n\n<p>Finalmente en noviembre (del 7 al 11, en San Luis) se llevar\u00e1n a cabo los Juegos de Personas Mayores.<\/p>\n","protected":false},"excerpt":{"rendered":"<p>La Provincia de Buenos Aires se qued\u00f3 con el primer puesto del medallero y la Copa Challenger de los Juegos Nacionales Evita 2022, que finalizaron hoy en Mar del Plata y de los que tomaron parte m\u00e1s de 25 mil j\u00f3venes de todo el pa\u00eds. Luego de cinco d\u00edas de competencias, Buenos Aires termin\u00f3 primero, [&hellip;]<\/p>\n","protected":false},"author":1,"featured_media":5851,"comment_status":"open","ping_status":"open","sticky":false,"template":"","format":"standard","meta":{"_monsterinsights_skip_tracking":false,"_monsterinsights_sitenote_active":false,"_monsterinsights_sitenote_note":"","_monsterinsights_sitenote_category":0,"footnotes":""},"categories":[7],"tags":[170],"class_list":["post-5850","post","type-post","status-publish","format-standard","has-post-thumbnail","hentry","category-deportes","tag-170"],"_links":{"self":[{"href":"https:\/\/news.digitaltv.com.ar\/index.php?rest_route=\/wp\/v2\/posts\/5850","targetHints":{"allow":["GET"]}}],"collection":[{"href":"https:\/\/news.digitaltv.com.ar\/index.php?rest_route=\/wp\/v2\/posts"}],"about":[{"href":"https:\/\/news.digitaltv.com.ar\/index.php?rest_route=\/wp\/v2\/types\/post"}],"author":[{"embeddable":true,"href":"https:\/\/news.digitaltv.com.ar\/index.php?rest_route=\/wp\/v2\/users\/1"}],"replies":[{"embeddable":true,"href":"https:\/\/news.digitaltv.com.ar\/index.php?rest_route=%2Fwp%2Fv2%2Fcomments&post=5850"}],"version-history":[{"count":1,"href":"https:\/\/news.digitaltv.com.ar\/index.php?rest_route=\/wp\/v2\/posts\/5850\/revisions"}],"predecessor-version":[{"id":5852,"href":"https:\/\/news.digitaltv.com.ar\/index.php?rest_route=\/wp\/v2\/posts\/5850\/revisions\/5852"}],"wp:featuredmedia":[{"embeddable":true,"href":"https:\/\/news.digitaltv.com.ar\/index.php?rest_route=\/wp\/v2\/media\/5851"}],"wp:attachment":[{"href":"https:\/\/news.digitaltv.com.ar\/index.php?rest_route=%2Fwp%2Fv2%2Fmedia&parent=5850"}],"wp:term":[{"taxonomy":"category","embeddable":true,"href":"https:\/\/news.digitaltv.com.ar\/index.php?rest_route=%2Fwp%2Fv2%2Fcategories&post=5850"},{"taxonomy":"post_tag","embeddable":true,"href":"https:\/\/news.digitaltv.com.ar\/index.php?rest_route=%2Fwp%2Fv2%2Ftags&post=5850"}],"curies":[{"name":"wp","href":"https:\/\/api.w.org\/{rel}","templated":true}]}}