{"id":5883,"date":"2022-10-31T11:25:09","date_gmt":"2022-10-31T14:25:09","guid":{"rendered":"https:\/\/news.digitaltv.com.ar\/?p=5883"},"modified":"2022-10-31T11:25:27","modified_gmt":"2022-10-31T14:25:27","slug":"queremos-un-protagonismo-absoluto","status":"publish","type":"post","link":"https:\/\/news.digitaltv.com.ar\/?p=5883","title":{"rendered":"&#8220;QUEREMOS UN PROTAGONISMO ABSOLUTO&#8221;"},"content":{"rendered":"\n<p><em>El DT de Douglas, Gustavo Raggio, charl\u00f3 con La Gloria o Devoto y no dej\u00f3 tema sin tocar. El ex entrenador de Cipolletti y Sportivo Las Parejas hizo un balance de la campa\u00f1a en el presente Federal A del rojinegro, del partido ante Bol\u00edvar en octavos de final, la organizaci\u00f3n que encontr\u00f3 en el club en este tiempo, y tambi\u00e9n dio nombres sobre el futuro plantel de cara al 2023. \u201cCarozo\u201d, confirm\u00f3 los jugadores que desea que permanezcan y a los que les comunic\u00f3 que no los tendr\u00e1 en cuenta. Adem\u00e1s, habl\u00f3 de proyectos integrales en la instituci\u00f3n, que incluye trabajar conjuntamente con el f\u00fatbol amateur.<\/em><\/p>\n\n\n\n<p>Gustavo Raggio disfruta sus d\u00edas de vacaciones en sus pagos, aunque no se despega: \u201cNo estoy acostumbrado a disfrutar, desde que arranqu\u00e9 a dirigir no he tenido nunca un parate gracias a Dios y es muy dif\u00edcil salir del eje y tener la cabeza en otro lado. Ahora mismo estamos planificando para lo que viene, la cabeza no para nunca y a veces el cuerpo te lo hace saber\u201d, arranc\u00f3 la entrevista el DT del rojinegro, que sigui\u00f3: \u201cLlegu\u00e9 a Douglas con el equipo sexto y clasificamos sextos, nosotros pens\u00e1bamos que ten\u00edamos elementos deportivos como para llegar a la semifinal por lo menos\u201d. Y sobre su impresi\u00f3n de la entidad, opin\u00f3: \u201cMe sorprendi\u00f3 para bien la log\u00edstica del club en el d\u00eda a d\u00eda de entrenamiento, las ganas que veo que siempre algo nuevo est\u00e1 pasando, que hay que seguir creciendo, hay que seguir creciendo, pero se sabe a d\u00f3nde se va y a nivel deportivo me sorprendieron algunos jugadores para bien y muy bien. Por ejemplo, desde afuera ve\u00eda que Mazza era un jugador tremendamente desequilibrante y desde adentro opino lo mismo y m\u00e1s, como otros jugadores mucho m\u00e1s j\u00f3venes que Pablo que me sorprendieron y van a seguir teniendo una etapa de crecimiento de la cual estoy completamente convencido\u201d.<\/p>\n\n\n\n<p>Acerca de la eliminaci\u00f3n en el campeonato, \u201cCarozo\u201d fue expl\u00edcito: \u201cNos cost\u00f3 horrores el partido con Bol\u00edvar. Yo al equipo, sacando un rato del partido con Racing, lo vi muy duro de la cabeza, sabiendo que se jugaban una final contra Sportivo Belgrano y la gan\u00f3, lo vi muy bien los dos partidos de visitante tanto contra Sarmiento como contra Central Norte, donde fuimos tremendamente perjudicados por el \u00e1rbitro en los dos partidos, despu\u00e9s nos cost\u00f3 un rato el partido contra Ramallo y el otro d\u00eda no estuvimos nunca en partido y eso es responsabilidad m\u00eda\u201d, asegur\u00f3, y continu\u00f3 con el an\u00e1lisis: \u201cNos metieron un gol apenas arrancado el partido, despu\u00e9s tuvimos 30 minutos donde tuvimos chances reales de convertir, pero si uno ve como hab\u00edamos jugado los otros partidos de visitante al equipo le falt\u00f3 una vuelta de rosca, pero hoy es muy f\u00e1cil opinar\u201d. Y en cuanto a lo que viene, avisa: \u201cEl lunes despu\u00e9s del partido con Bol\u00edvar nos juntamos con los dirigentes y les cont\u00e9 la idea que ten\u00edamos como cuerpo t\u00e9cnico con respecto al plantel, el martes me junt\u00e9 con el plantel y habl\u00e9 con ellos en general y despu\u00e9s fui hablando con peque\u00f1os grupos y con algunos de manera individual, le contamos lo que cre\u00edamos de cada uno de ellos, los que quer\u00edamos que siguieran, los que la iban a pelear de atr\u00e1s y los que lamentablemente no iban a estar en el nuevo proceso\u201d.<\/p>\n\n\n\n<p>Raggio ya puso la cabeza en el 2023, y por eso planifica: \u201cEl martes de la semana que viene volvemos a trabajar con los juveniles del club, que algunos estaban en el plantel, caso Dinatale, Sarmiento y Coronel, sumado a los chicos que est\u00e1n con el \u00b4bati` Aranda, la sub 21. Tambi\u00e9n habr\u00e1 una prueba futbol\u00edstica con chicos que nos van a mandar gente conocida para formar el pr\u00f3ximo equipo de liga, que es una bajada de l\u00ednea dirigencial que la estamos adoptando con Adri\u00e1n, que es lo que hace que haya much\u00edsima m\u00e1s cercan\u00eda entre todos que es lo que hace que las bases futbol\u00edsticas del club sean s\u00f3lidas\u201d, tir\u00f3, y de los jugadores que continuar\u00e1n, espera un arreglo con la CD para empezar el 7 de noviembre: \u201cCreemos que con los jugadores que elegimos para quedarse, ellos me manifestaron en su totalidad que quer\u00edan un nuevo desaf\u00edo futbol\u00edstico en el club. Hay jugadores como el caso de Lucas L\u00f3pez que nosotros queremos que se quede, que tiene el pase en otro club, as\u00ed que habr\u00e1 que ver qu\u00e9 pasa tambi\u00e9n con cada caso, pero ojal\u00e1 el 7 podamos contar con la mayor\u00eda de los que queremos que contin\u00faen\u201d, indic\u00f3.<\/p>\n\n\n\n<p>Traducido en nombres, el ex entrenador de Cipolletti y Sportivo Las Parejas no anduvo con vueltas: \u201cPor lo que habl\u00e9 con ellos todos me dieron a entender que quieren un nuevo desaf\u00edo deportivo en el club, tambi\u00e9n habl\u00e9 con otros chicos que sab\u00eda su situaci\u00f3n contractual con el club y que si ellos no sal\u00edan del club iban a pelear un lugar desde atr\u00e1s, caso Valenzuela, Borba y Villagra, que a\u00fan tienen contrato con el club\u201d, se\u00f1al\u00f3, y dio la lista de los que quiere contar en su nuevo plantel: \u201cCarrera, Beiro, Lucas Lopez, Mauri, Gallucci, Seratto, Caballuci, Pablo (Mazza), \u00c1lvaro (De Gaetani), m\u00e1s los juveniles del club, y Bonello, Siergiejuk, Esteban L\u00f3pez\u201d. Sin embargo, a cadajugador les dej\u00f3bien de manifiestosu idea: \u201cEn el caso de Mauro (Siergiejuk) y Nico (Johansen), yo les dije que nosotros \u00edbamos a incorporar otro delantero de \u00e1rea, lo mismo habl\u00e9 con Albornoz, yo le manifest\u00e9 lo que pensaba de lo que ven\u00eda para adelante pero despu\u00e9s son arreglos entre los jugadores y la directiva\u201d.<\/p>\n\n\n\n<p>En referencia a refuerzos y posiciones a incorporar, el de Villa Constituci\u00f3n expres\u00f3: \u201cHicimos una lista preliminar de puestos, el martes nos volveremos a juntar, ac\u00e1 el dialogo es bastante continuo as\u00ed que vamos a empezar a ver porque ya habr\u00e1 otros equipos que quedar\u00e1n fuera del campeonato y hay algunos jugadores con los que podremos empezar a hablar, pero hay una prioridad es llegar a un arreglo con los que fueron la base de nuestro equipo, que ser\u00e1n la base del equipo que viene\u201d, manifest\u00f3, y tambi\u00e9n habl\u00f3 del perfil de la b\u00fasqueda: \u201cQue sepan convivir con la presi\u00f3n futbol\u00edstica, que vamos a convivir el torneo que viene, que sepan de lo que se trata jugar en un equipo grande. Va a haber un mix de jugadores con recorrido, con jugadores a proyectar, pero traeremos jugadores que est\u00e9n a la altura de lo que nosotros creemos de un equipo que tiene que protagonizar el torneo, no de jugarlo\u201d.<\/p>\n\n\n\n<p>Para ello, Gustavo afirm\u00f3 cu\u00e1les ser\u00e1n sus pretensiones deportivas en el futuro: \u201cQueremos un protagonismo absoluto, sino en la d\u00e9cima fecha estoy fuera del club. Del 2009 que vengo dirigiendo y siempre dirigir un equipo como este en esta categor\u00eda es un desaf\u00edo y creo que desde Douglas nos podemos seguir proyectando juntos. Hay que armar un equipo que est\u00e9 siempre entre los primeros lugares y que tenga una regularidad como la que tuvo Racing, Sarmiento, Olimpo en la otra zona, Villa Mitre, que andan peleando los primero cuatro lugares que son los de Copa Argentina\u201d, explic\u00f3, y en el cierre, consultado por qui\u00e9n lograr\u00e1 el ascenso seg\u00fan \u00f3ptica, se la jug\u00f3: \u201cMe gusta mucho como juega Olimpo, pero creo que va a ascender Sarmiento de Chaco, Racing ha perdido un jugador muy importante como lo es Murialdo, tienen a Garc\u00eda que viene recuper\u00e1ndose, pero en esta categor\u00eda los goles se pagan y Murialdo es un delantero tremendo. Y yo lo noto s\u00f3lido a Sarmiento que tiene dos jugadores que hacen tremenda diferencia que son Olego y Roldan\u201d.<\/p>\n","protected":false},"excerpt":{"rendered":"<p>El DT de Douglas, Gustavo Raggio, charl\u00f3 con La Gloria o Devoto y no dej\u00f3 tema sin tocar. El ex entrenador de Cipolletti y Sportivo Las Parejas hizo un balance de la campa\u00f1a en el presente Federal A del rojinegro, del partido ante Bol\u00edvar en octavos de final, la organizaci\u00f3n que encontr\u00f3 en el club [&hellip;]<\/p>\n","protected":false},"author":1,"featured_media":5884,"comment_status":"open","ping_status":"open","sticky":false,"template":"","format":"standard","meta":{"_monsterinsights_skip_tracking":false,"_monsterinsights_sitenote_active":false,"_monsterinsights_sitenote_note":"","_monsterinsights_sitenote_category":0,"footnotes":""},"categories":[7],"tags":[170],"class_list":["post-5883","post","type-post","status-publish","format-standard","has-post-thumbnail","hentry","category-deportes","tag-170"],"_links":{"self":[{"href":"https:\/\/news.digitaltv.com.ar\/index.php?rest_route=\/wp\/v2\/posts\/5883","targetHints":{"allow":["GET"]}}],"collection":[{"href":"https:\/\/news.digitaltv.com.ar\/index.php?rest_route=\/wp\/v2\/posts"}],"about":[{"href":"https:\/\/news.digitaltv.com.ar\/index.php?rest_route=\/wp\/v2\/types\/post"}],"author":[{"embeddable":true,"href":"https:\/\/news.digitaltv.com.ar\/index.php?rest_route=\/wp\/v2\/users\/1"}],"replies":[{"embeddable":true,"href":"https:\/\/news.digitaltv.com.ar\/index.php?rest_route=%2Fwp%2Fv2%2Fcomments&post=5883"}],"version-history":[{"count":1,"href":"https:\/\/news.digitaltv.com.ar\/index.php?rest_route=\/wp\/v2\/posts\/5883\/revisions"}],"predecessor-version":[{"id":5885,"href":"https:\/\/news.digitaltv.com.ar\/index.php?rest_route=\/wp\/v2\/posts\/5883\/revisions\/5885"}],"wp:featuredmedia":[{"embeddable":true,"href":"https:\/\/news.digitaltv.com.ar\/index.php?rest_route=\/wp\/v2\/media\/5884"}],"wp:attachment":[{"href":"https:\/\/news.digitaltv.com.ar\/index.php?rest_route=%2Fwp%2Fv2%2Fmedia&parent=5883"}],"wp:term":[{"taxonomy":"category","embeddable":true,"href":"https:\/\/news.digitaltv.com.ar\/index.php?rest_route=%2Fwp%2Fv2%2Fcategories&post=5883"},{"taxonomy":"post_tag","embeddable":true,"href":"https:\/\/news.digitaltv.com.ar\/index.php?rest_route=%2Fwp%2Fv2%2Ftags&post=5883"}],"curies":[{"name":"wp","href":"https:\/\/api.w.org\/{rel}","templated":true}]}}