{"id":5892,"date":"2022-11-01T11:01:34","date_gmt":"2022-11-01T14:01:34","guid":{"rendered":"https:\/\/news.digitaltv.com.ar\/?p=5892"},"modified":"2022-11-02T09:13:56","modified_gmt":"2022-11-02T12:13:56","slug":"rodriguez-larreta-dijo-que-todo-juntos-por-el-cambio-esta-en-contra-de-derogar-las-paso","status":"publish","type":"post","link":"https:\/\/news.digitaltv.com.ar\/?p=5892","title":{"rendered":"RODR\u00cdGUEZ LARRETA DIJO QUE &#8220;TODO JUNTOS POR EL CAMBIO EST\u00c1 EN CONTRA&#8221; DE DEROGAR LAS PASO"},"content":{"rendered":"\n<p>El jefe de gobierno porte\u00f1o, Horacio Rodr\u00edguez Larreta, afirm\u00f3 hoy que &#8220;todo Juntos por el Cambio (JxC) est\u00e1 en contra&#8221; de eliminar las primarias abiertas, simult\u00e1neas y obligatorias (PASO), una propuesta que es propiciadas desde algunos sectores pol\u00edticos.<\/p>\n\n\n\n<p>Adem\u00e1s, expres\u00f3 sus expectativas de que, a partir de la asunci\u00f3n en la Presidencia del l\u00edder del Partido de los Trabajadores (PT), Luiz In\u00e1cio Lula Da Silva, el pa\u00eds pueda &#8220;tener una relaci\u00f3n de mutuo trabajo conjunto con el mandatario electo&#8221;.<\/p>\n\n\n\n<p>&#8220;Los brasile\u00f1os han votado de forma libre, respetamos su decisi\u00f3n y los argentinos tenemos la responsabilidad de trabajar mancomunadamente con ese pa\u00eds que es nuestro principal socio comercial, aliado hist\u00f3rico&#8221;, afirm\u00f3 Rodr\u00edguez Larreta durante una conferencia de prensa que brind\u00f3 esta ma\u00f1ana, en el marco de una actividad en la que dio detalles del funcionamiento de la Direcci\u00f3n de Operaciones Motorizadas de la Polic\u00eda de la Ciudad.<\/p>\n\n\n\n<p>En ese contexto, el jefe de Gobierno porte\u00f1o y uno de los referentes de Juntos por el Cambio reafirm\u00f3 que el rechazo de esa coalici\u00f3n opositora en caso de debatirse la eliminaci\u00f3n de las PASO.<\/p>\n\n\n\n<p>&#8220;Nuestra posici\u00f3n en el Congreso va a ser en contra de la derogaci\u00f3n de las PASO. Lo dijimos p\u00fablicamente y lo ratificamos: todo Juntos por el Cambio est\u00e1 en contra&#8221;, asegur\u00f3 el jefe de Gobierno en una conferencia de prensa que brind\u00f3 esta ma\u00f1ana desde Palermo.<\/p>\n\n\n\n<p>En ese marco, Rodr\u00edguez Larreta consider\u00f3 que &#8220;est\u00e1 mal&#8221; pretender &#8220;cambiar las reglas de juego de una elecci\u00f3n que viene en unos pocos meses&#8221; y sostuvo que es como querer &#8220;cambiar las reglas del f\u00fatbol a un mes del Mundial&#8221;.<\/p>\n\n\n\n<p>&#8220;Est\u00e1 mal hacerlo ahora; distinto es que se quiera discutir a futuro; eso siempre es v\u00e1lido. Lo que no se pude hacer es plantear un cambio electoral a conveniencia del gobierno de turno&#8221;, opin\u00f3.<\/p>\n\n\n\n<p>Por ora parte, el jefe de Gobierno porte\u00f1o felicit\u00f3 a los brasile\u00f1os &#8220;por haberse expresado de manera libre y ordenada&#8221; en el balotaje celebrado el domingo \u00faltimo en ese pa\u00eds, en el que se impuso el l\u00edder del PT sobre el actual mandatario, el ultraderechista Jair Bolsonaro.<\/p>\n\n\n\n<p>Rodr\u00edguez Larreta dijo que &#8220;en los \u00faltimos a\u00f1os la pol\u00edtica interna no ayud\u00f3&#8221; en cuanto a las relaciones bilaterales con Brasil.<\/p>\n\n\n\n<p>En ese sentido, se\u00f1al\u00f3 que &#8220;no es razonable que el presidente de la Argentina no hable con el de Brasil&#8221; y abog\u00f3 porque, &#8220;a partir de ahora, se pueda tener una relaci\u00f3n de mutuo trabajo conjunto con el presidente electo&#8221; de Brasil.<\/p>\n","protected":false},"excerpt":{"rendered":"<p>El jefe de gobierno porte\u00f1o, Horacio Rodr\u00edguez Larreta, afirm\u00f3 hoy que &#8220;todo Juntos por el Cambio (JxC) est\u00e1 en contra&#8221; de eliminar las primarias abiertas, simult\u00e1neas y obligatorias (PASO), una propuesta que es propiciadas desde algunos sectores pol\u00edticos. Adem\u00e1s, expres\u00f3 sus expectativas de que, a partir de la asunci\u00f3n en la Presidencia del l\u00edder del [&hellip;]<\/p>\n","protected":false},"author":1,"featured_media":5893,"comment_status":"open","ping_status":"open","sticky":false,"template":"","format":"standard","meta":{"_monsterinsights_skip_tracking":false,"_monsterinsights_sitenote_active":false,"_monsterinsights_sitenote_note":"","_monsterinsights_sitenote_category":0,"footnotes":""},"categories":[6],"tags":[160],"class_list":["post-5892","post","type-post","status-publish","format-standard","has-post-thumbnail","hentry","category-politica","tag-160"],"_links":{"self":[{"href":"https:\/\/news.digitaltv.com.ar\/index.php?rest_route=\/wp\/v2\/posts\/5892","targetHints":{"allow":["GET"]}}],"collection":[{"href":"https:\/\/news.digitaltv.com.ar\/index.php?rest_route=\/wp\/v2\/posts"}],"about":[{"href":"https:\/\/news.digitaltv.com.ar\/index.php?rest_route=\/wp\/v2\/types\/post"}],"author":[{"embeddable":true,"href":"https:\/\/news.digitaltv.com.ar\/index.php?rest_route=\/wp\/v2\/users\/1"}],"replies":[{"embeddable":true,"href":"https:\/\/news.digitaltv.com.ar\/index.php?rest_route=%2Fwp%2Fv2%2Fcomments&post=5892"}],"version-history":[{"count":1,"href":"https:\/\/news.digitaltv.com.ar\/index.php?rest_route=\/wp\/v2\/posts\/5892\/revisions"}],"predecessor-version":[{"id":5894,"href":"https:\/\/news.digitaltv.com.ar\/index.php?rest_route=\/wp\/v2\/posts\/5892\/revisions\/5894"}],"wp:featuredmedia":[{"embeddable":true,"href":"https:\/\/news.digitaltv.com.ar\/index.php?rest_route=\/wp\/v2\/media\/5893"}],"wp:attachment":[{"href":"https:\/\/news.digitaltv.com.ar\/index.php?rest_route=%2Fwp%2Fv2%2Fmedia&parent=5892"}],"wp:term":[{"taxonomy":"category","embeddable":true,"href":"https:\/\/news.digitaltv.com.ar\/index.php?rest_route=%2Fwp%2Fv2%2Fcategories&post=5892"},{"taxonomy":"post_tag","embeddable":true,"href":"https:\/\/news.digitaltv.com.ar\/index.php?rest_route=%2Fwp%2Fv2%2Ftags&post=5892"}],"curies":[{"name":"wp","href":"https:\/\/api.w.org\/{rel}","templated":true}]}}