{"id":590,"date":"2022-03-09T11:47:19","date_gmt":"2022-03-09T14:47:19","guid":{"rendered":"https:\/\/wp.digitaltv.com.ar\/?p=590"},"modified":"2022-03-09T21:10:48","modified_gmt":"2022-03-10T00:10:48","slug":"el-concejo-le-dijo-no-a-la-emergencia-de-infraestructura-sanitaria","status":"publish","type":"post","link":"https:\/\/news.digitaltv.com.ar\/?p=590","title":{"rendered":"EL concejo le dijo no a la emergencia de infraestructura sanitaria"},"content":{"rendered":"\n<p>En la primera sesi\u00f3n del concejo deliberante se trat\u00f3 una vez m\u00e1s el problema del faltante de agua. El pedido de declaraci\u00f3n de emergencia de infraestructura sanitaria no fue aprobada.<\/p>\n\n\n\n<p>Los concejales del oficialismo no acompa\u00f1aron el pedido de la oposici\u00f3n para declarar la emergencia de infraestructura sanitaria \u201cNos rechazaron otra vez la emergencia, hay que cambiar la red, no hay otra soluci\u00f3n, hay que poner de a poco todo nuevo, el cambio de pozos tuvo poca continuidad en los primeros a\u00f1os de Martinez, cada vez que Illia destapa un troncal ve que pierde agua por todos lados&#8221; relat\u00f3 <strong>el concejal de Frente de Todos Guillermo Aiello.<\/strong><\/p>\n\n\n\n<p>\u201cno es culpa del secretario, se tiene que poner el municipio y el problema es que es una obra que no se ve, no trae votos\u201d continu\u00f3 resaltando la decisi\u00f3n pol\u00edtica \u201cno es que hay algunos problemas, no hay agua en ning\u00fan lado\u201d.<\/p>\n\n\n\n<p>Para el oficialismo el problema pasa por el gran consumo de agua y por los problemas energ\u00e9ticos, ya que el agua es electrodependiente \u201ceso se soluciona con generadores que funcionen en alguna emergencia, no es algo costoso para el municipio\u201d finaliz\u00f3.<\/p>\n\n\n\n<p>Este proyecto fue presentado el a\u00f1o pasado, con la negativa el bloque oficialista este a\u00f1o buscaran ingresaran un nuevo pedido.<\/p>\n","protected":false},"excerpt":{"rendered":"<p>En la primera sesi\u00f3n del concejo deliberante se trat\u00f3 una vez m\u00e1s el problema del faltante de agua. El pedido de declaraci\u00f3n de emergencia de infraestructura sanitaria no fue aprobada. Los concejales del oficialismo no acompa\u00f1aron el pedido de la oposici\u00f3n para declarar la emergencia de infraestructura sanitaria \u201cNos rechazaron otra vez la emergencia, hay [&hellip;]<\/p>\n","protected":false},"author":2,"featured_media":591,"comment_status":"open","ping_status":"open","sticky":false,"template":"","format":"standard","meta":{"_monsterinsights_skip_tracking":false,"_monsterinsights_sitenote_active":false,"_monsterinsights_sitenote_note":"","_monsterinsights_sitenote_category":0,"footnotes":""},"categories":[152],"tags":[158],"class_list":["post-590","post","type-post","status-publish","format-standard","has-post-thumbnail","hentry","category-pergamino","tag-158"],"_links":{"self":[{"href":"https:\/\/news.digitaltv.com.ar\/index.php?rest_route=\/wp\/v2\/posts\/590","targetHints":{"allow":["GET"]}}],"collection":[{"href":"https:\/\/news.digitaltv.com.ar\/index.php?rest_route=\/wp\/v2\/posts"}],"about":[{"href":"https:\/\/news.digitaltv.com.ar\/index.php?rest_route=\/wp\/v2\/types\/post"}],"author":[{"embeddable":true,"href":"https:\/\/news.digitaltv.com.ar\/index.php?rest_route=\/wp\/v2\/users\/2"}],"replies":[{"embeddable":true,"href":"https:\/\/news.digitaltv.com.ar\/index.php?rest_route=%2Fwp%2Fv2%2Fcomments&post=590"}],"version-history":[{"count":1,"href":"https:\/\/news.digitaltv.com.ar\/index.php?rest_route=\/wp\/v2\/posts\/590\/revisions"}],"predecessor-version":[{"id":592,"href":"https:\/\/news.digitaltv.com.ar\/index.php?rest_route=\/wp\/v2\/posts\/590\/revisions\/592"}],"wp:featuredmedia":[{"embeddable":true,"href":"https:\/\/news.digitaltv.com.ar\/index.php?rest_route=\/wp\/v2\/media\/591"}],"wp:attachment":[{"href":"https:\/\/news.digitaltv.com.ar\/index.php?rest_route=%2Fwp%2Fv2%2Fmedia&parent=590"}],"wp:term":[{"taxonomy":"category","embeddable":true,"href":"https:\/\/news.digitaltv.com.ar\/index.php?rest_route=%2Fwp%2Fv2%2Fcategories&post=590"},{"taxonomy":"post_tag","embeddable":true,"href":"https:\/\/news.digitaltv.com.ar\/index.php?rest_route=%2Fwp%2Fv2%2Ftags&post=590"}],"curies":[{"name":"wp","href":"https:\/\/api.w.org\/{rel}","templated":true}]}}