{"id":5901,"date":"2022-11-01T11:47:14","date_gmt":"2022-11-01T14:47:14","guid":{"rendered":"https:\/\/news.digitaltv.com.ar\/?p=5901"},"modified":"2022-11-01T11:47:29","modified_gmt":"2022-11-01T14:47:29","slug":"no-me-cruces-mas-en-la-tele-porque-te-rompo-la-cara-le-dijo-bullrich-a-felipe-miguel","status":"publish","type":"post","link":"https:\/\/news.digitaltv.com.ar\/?p=5901","title":{"rendered":"&#8220;NO ME CRUCES M\u00c1S EN LA TELE PORQUE TE ROMPO LA CARA&#8221; LE DIJO BULLRICH A FELIPE MIGUEL"},"content":{"rendered":"\n<p>La titular del PRO, Patricia Bullrich, le advirti\u00f3 al jefe de Gabinete de la Ciudad de Buenos Aires, Felipe Miguel, que la pr\u00f3xima vez que lo cruce en televisi\u00f3n le iba &#8220;a romper la cara&#8221;, al encontrarse durante la presentaci\u00f3n del libro &#8220;Para Qu\u00e9&#8221; del expresidente Mauricio Macri, seg\u00fan puede apreciarse en un video que circula por las redes sociales.<\/p>\n\n\n\n<p>&#8220;No me cruc\u00e9s m\u00e1s por la tele porque la pr\u00f3xima te rompo la cara. Te lo aviso directamente, conmigo no se jode&#8221;, le espeta Bullrich a Miguel cuando ambos se dispon\u00edan a ocupar sus lugares en el auditorio de la Rural, donde el pasado 24 de octubre en un acto al cual asistieron varios referentes de Juntos por Cambio (JxC).<\/p>\n\n\n\n<p>Ante las airadas palabras de la exministra del Gobierno de Cambiemos, Miguel la mira at\u00f3nito y le pregunta por qu\u00e9 le dice eso y opta por abrazarla como una forma de bajar la tensi\u00f3n entre ambos. En el registro audiovisual tambi\u00e9n puede apreciarse al exsenador nacional Miguel \u00c1ngel Pichetto, quien mira asombrado la escena.<\/p>\n\n\n\n<p>Esta ma\u00f1ana, luego de viralizarse el video (tomado desde atr\u00e1s por alguien presente en el lugar) Felipe Miguel habl\u00f3 con las radios Mitre y La Red, y confirm\u00f3 el episodio.<\/p>\n\n\n\n<p>&#8220;Es muy chocante porque se trata de alguien del mismo espacio y presidenta del partido al que uno pertenece. No s\u00e9 por qu\u00e9 me dijo eso&#8221;, sostuvo el funcionario porte\u00f1o, mano derecha del jefe de Gobierno porte\u00f1o, Horacio Rodr\u00edguez Larreta.<\/p>\n\n\n\n<p>&#8220;Ustedes me conocen y saben que yo nunca agredo a nadie, pueden existir diferentes opiniones, pero no se traducen en t\u00e9rminos de agresiones personales&#8221;, sigui\u00f3 Miguel, que consider\u00f3 que Bullrich &#8220;cruz\u00f3 un l\u00edmite y la violencia es inaceptable&#8221;.<\/p>\n\n\n\n<p>Sin embargo m\u00e1s adelante en las entrevistas le rest\u00f3 peso al episodio dentro de la balanza de la coalici\u00f3n, y asegur\u00f3 que &#8220;Juntos por el Cambio est\u00e1 m\u00e1s unido que nunca&#8221;.<\/p>\n\n\n\n<p>La escena hace p\u00fablica la tensi\u00f3n en el PRO, entre los sectores que encabezan Macri y Bullrich, y los que se referencian en el jefe de Gobierno porte\u00f1o, Horacio Rodr\u00edguez Larreta, en medio de la interna por el liderazgo del espacio y JxC de cara a las elecciones presidenciales de 2023.<\/p>\n","protected":false},"excerpt":{"rendered":"<p>La titular del PRO, Patricia Bullrich, le advirti\u00f3 al jefe de Gabinete de la Ciudad de Buenos Aires, Felipe Miguel, que la pr\u00f3xima vez que lo cruce en televisi\u00f3n le iba &#8220;a romper la cara&#8221;, al encontrarse durante la presentaci\u00f3n del libro &#8220;Para Qu\u00e9&#8221; del expresidente Mauricio Macri, seg\u00fan puede apreciarse en un video que [&hellip;]<\/p>\n","protected":false},"author":1,"featured_media":5902,"comment_status":"open","ping_status":"open","sticky":false,"template":"","format":"standard","meta":{"_monsterinsights_skip_tracking":false,"_monsterinsights_sitenote_active":false,"_monsterinsights_sitenote_note":"","_monsterinsights_sitenote_category":0,"footnotes":""},"categories":[6],"tags":[160],"class_list":["post-5901","post","type-post","status-publish","format-standard","has-post-thumbnail","hentry","category-politica","tag-160"],"_links":{"self":[{"href":"https:\/\/news.digitaltv.com.ar\/index.php?rest_route=\/wp\/v2\/posts\/5901","targetHints":{"allow":["GET"]}}],"collection":[{"href":"https:\/\/news.digitaltv.com.ar\/index.php?rest_route=\/wp\/v2\/posts"}],"about":[{"href":"https:\/\/news.digitaltv.com.ar\/index.php?rest_route=\/wp\/v2\/types\/post"}],"author":[{"embeddable":true,"href":"https:\/\/news.digitaltv.com.ar\/index.php?rest_route=\/wp\/v2\/users\/1"}],"replies":[{"embeddable":true,"href":"https:\/\/news.digitaltv.com.ar\/index.php?rest_route=%2Fwp%2Fv2%2Fcomments&post=5901"}],"version-history":[{"count":1,"href":"https:\/\/news.digitaltv.com.ar\/index.php?rest_route=\/wp\/v2\/posts\/5901\/revisions"}],"predecessor-version":[{"id":5903,"href":"https:\/\/news.digitaltv.com.ar\/index.php?rest_route=\/wp\/v2\/posts\/5901\/revisions\/5903"}],"wp:featuredmedia":[{"embeddable":true,"href":"https:\/\/news.digitaltv.com.ar\/index.php?rest_route=\/wp\/v2\/media\/5902"}],"wp:attachment":[{"href":"https:\/\/news.digitaltv.com.ar\/index.php?rest_route=%2Fwp%2Fv2%2Fmedia&parent=5901"}],"wp:term":[{"taxonomy":"category","embeddable":true,"href":"https:\/\/news.digitaltv.com.ar\/index.php?rest_route=%2Fwp%2Fv2%2Fcategories&post=5901"},{"taxonomy":"post_tag","embeddable":true,"href":"https:\/\/news.digitaltv.com.ar\/index.php?rest_route=%2Fwp%2Fv2%2Ftags&post=5901"}],"curies":[{"name":"wp","href":"https:\/\/api.w.org\/{rel}","templated":true}]}}