{"id":5907,"date":"2022-11-02T09:07:12","date_gmt":"2022-11-02T12:07:12","guid":{"rendered":"https:\/\/news.digitaltv.com.ar\/?p=5907"},"modified":"2022-11-03T09:18:48","modified_gmt":"2022-11-03T12:18:48","slug":"con-exposiciones-de-funcionarios-el-senado-comienza-a-tratar-hoy-en-comision-el-presupuesto-2023","status":"publish","type":"post","link":"https:\/\/news.digitaltv.com.ar\/?p=5907","title":{"rendered":"CON EXPOSICIONES DE FUNCIONARIOS, EL SENADO COMIENZA A TRATAR HOY EN COMISI\u00d3N EL PRESUPUESTO 2023"},"content":{"rendered":"\n<p>El proyecto de Presupuesto 2023, aprobado por la C\u00e1mara de Diputados, comenzar\u00e1 a ser debatido hoy en la Comisi\u00f3n de Presupuesto y Hacienda del Senado, con las exposiciones de los secretarios de Hacienda, Ra\u00fal Rigo, de Finanzas, Eduardo Setti, y de Programaci\u00f3n Econ\u00f3mica, Gabriel Rubinstein, entre otros.<\/p>\n\n\n\n<p>De acuerdo con lo previsto, la reuni\u00f3n se desarrollar\u00e1 a partir de las 16 en el Sal\u00f3n Azul del Palacio Legislativo, y contar\u00e1 con la exposici\u00f3n de funcionarios nacionales.<\/p>\n\n\n\n<p>Rigo, Setti y Rubinstein concurrir\u00e1n a la comisi\u00f3n presidida por el senador oficialista Ricardo Guerra acompa\u00f1ados por el secretario de Agricultura, Ganader\u00eda y Pesca, Juan Jos\u00e9 Bahillo; el secretario de Econom\u00eda del Conocimiento, Ariel Sujarchuk; el jefe de asesores de la Secretar\u00eda de Agricultura, Juan Manuel Fern\u00e1ndez Arocena.<\/p>\n\n\n\n<p>La intenci\u00f3n del oficialismo de la C\u00e1mara alta es discutir el tema durante dos jornadas, hoy y ma\u00f1ana, para luego prepararse para emitir dictamen.<\/p>\n\n\n\n<p>El proyecto de Presupuesto 2023 tiene como puntos centrales la previsi\u00f3n de un gasto global de casi $ 29 billones, un d\u00e9ficit fiscal de 1,9%, una pauta inflacionaria de 60% y destina el 70% de los recursos a rubros sociales.<\/p>\n\n\n\n<p>La norma, modificada en su discusi\u00f3n de comisi\u00f3n y luego en el recinto de la c\u00e1mara baja, obtuvo 180 votos positivos, 22 negativos y 49 abstenciones.<\/p>\n\n\n\n<p>La oposici\u00f3n logr\u00f3 bloquear art\u00edculos que propiciaban que jueces y empleados judiciales pasen a pagar el impuesto a las Ganancias y, en el marco de negociaciones en b\u00fasqueda de consensos, el oficialismo decidi\u00f3 excluir un art\u00edculo que permit\u00eda al Gobierno manejar las al\u00edcuotas de las retenciones al campo.<\/p>\n\n\n\n<p>Adem\u00e1s de los legisladores del FdT y de sus aliados, el proyecto tambi\u00e9n fue apoyado por el peronismo disidente y el radicalismo; en tanto la izquierda, la Coalici\u00f3n C\u00edvica y los bloques de derecha se opusieron y el PRO se abstuvo.<\/p>\n\n\n\n<p>Para alcanzar la sanci\u00f3n del Presupuesto 2023, en la C\u00e1mara alta el oficialismo necesita que todos sus senadores est\u00e9n sentados en las bancas, adem\u00e1s de los representantes de Juntos Somos R\u00edo Negro, del Frente Renovador de la Concordia y de Hay Futuro Argentina.<\/p>\n\n\n\n<p>En declaraciones a la prensa, Guerra afirm\u00f3 que el proyecto presentado por el ministro de Econom\u00eda, Sergio Massa, &#8220;es realista&#8221; ya que asigna &#8220;prioridades en un marco de restricciones&#8221;.<\/p>\n","protected":false},"excerpt":{"rendered":"<p>El proyecto de Presupuesto 2023, aprobado por la C\u00e1mara de Diputados, comenzar\u00e1 a ser debatido hoy en la Comisi\u00f3n de Presupuesto y Hacienda del Senado, con las exposiciones de los secretarios de Hacienda, Ra\u00fal Rigo, de Finanzas, Eduardo Setti, y de Programaci\u00f3n Econ\u00f3mica, Gabriel Rubinstein, entre otros. De acuerdo con lo previsto, la reuni\u00f3n se [&hellip;]<\/p>\n","protected":false},"author":1,"featured_media":5269,"comment_status":"open","ping_status":"open","sticky":false,"template":"","format":"standard","meta":{"_monsterinsights_skip_tracking":false,"_monsterinsights_sitenote_active":false,"_monsterinsights_sitenote_note":"","_monsterinsights_sitenote_category":0,"footnotes":""},"categories":[6],"tags":[160],"class_list":["post-5907","post","type-post","status-publish","format-standard","has-post-thumbnail","hentry","category-politica","tag-160"],"_links":{"self":[{"href":"https:\/\/news.digitaltv.com.ar\/index.php?rest_route=\/wp\/v2\/posts\/5907","targetHints":{"allow":["GET"]}}],"collection":[{"href":"https:\/\/news.digitaltv.com.ar\/index.php?rest_route=\/wp\/v2\/posts"}],"about":[{"href":"https:\/\/news.digitaltv.com.ar\/index.php?rest_route=\/wp\/v2\/types\/post"}],"author":[{"embeddable":true,"href":"https:\/\/news.digitaltv.com.ar\/index.php?rest_route=\/wp\/v2\/users\/1"}],"replies":[{"embeddable":true,"href":"https:\/\/news.digitaltv.com.ar\/index.php?rest_route=%2Fwp%2Fv2%2Fcomments&post=5907"}],"version-history":[{"count":1,"href":"https:\/\/news.digitaltv.com.ar\/index.php?rest_route=\/wp\/v2\/posts\/5907\/revisions"}],"predecessor-version":[{"id":5908,"href":"https:\/\/news.digitaltv.com.ar\/index.php?rest_route=\/wp\/v2\/posts\/5907\/revisions\/5908"}],"wp:featuredmedia":[{"embeddable":true,"href":"https:\/\/news.digitaltv.com.ar\/index.php?rest_route=\/wp\/v2\/media\/5269"}],"wp:attachment":[{"href":"https:\/\/news.digitaltv.com.ar\/index.php?rest_route=%2Fwp%2Fv2%2Fmedia&parent=5907"}],"wp:term":[{"taxonomy":"category","embeddable":true,"href":"https:\/\/news.digitaltv.com.ar\/index.php?rest_route=%2Fwp%2Fv2%2Fcategories&post=5907"},{"taxonomy":"post_tag","embeddable":true,"href":"https:\/\/news.digitaltv.com.ar\/index.php?rest_route=%2Fwp%2Fv2%2Ftags&post=5907"}],"curies":[{"name":"wp","href":"https:\/\/api.w.org\/{rel}","templated":true}]}}