{"id":5930,"date":"2022-11-03T09:21:10","date_gmt":"2022-11-03T12:21:10","guid":{"rendered":"https:\/\/news.digitaltv.com.ar\/?p=5930"},"modified":"2022-11-03T09:21:26","modified_gmt":"2022-11-03T12:21:26","slug":"si-todos-los-ano-tenemos-un-campeonato-mejor-el-ano-del-tituo-va-a-llegar","status":"publish","type":"post","link":"https:\/\/news.digitaltv.com.ar\/?p=5930","title":{"rendered":"\u201cSI TODOS LOS A\u00d1O TENEMOS UN CAMPEONATO MEJOR, EL A\u00d1O DEL T\u00cdTUO VA A LLEGAR&#8221;"},"content":{"rendered":"\n<p><em>Termin\u00f3 el Federal A 2022 para Douglas, y el presidente de la instituci\u00f3n, Karim Dib, hizo un balance en La Gloria o Devoto, y valor\u00f3 la campa\u00f1a del equipo en el \u00faltimo torneo, donde qued\u00f3 eliminado en octavos frente a Bol\u00edvar. Para el titular rojinegro, la performance en esta temporada super\u00f3 a la pasada, y esa es la l\u00ednea que pretenden seguir. Adem\u00e1s, el ex Secretario de Seguridad del municipio toc\u00f3 todos los temas que le interesan al hincha: econom\u00eda, inferiores, plantel superior, continuidades, desvinculaciones, refuerzos, recital de La Konga, rifa, socios, obras, luces y m\u00e1s, en una nota imperdible\u2026<\/em><\/p>\n\n\n\n<p>Final de la temporada deportiva para Douglas en el Federal A, y el presidente de la entidad, Karim Dib, toc\u00f3 todos los temas, respondi\u00f3 cuantas preguntas se les efectuaran, y despej\u00f3 las dudas del hincha. A continuaci\u00f3n, lo m\u00e1s importante de la entrevista:<\/p>\n\n\n\n<p><strong><u>Sobre la campa\u00f1a realizada en el torneo Federal A<\/u><\/strong>:<\/p>\n\n\n\n<p><em>\u201cS\u00ed, muy conforme. De una instituci\u00f3n nuestra que podr\u00eda asimilarse a una instituci\u00f3n de \u00e1rea, estatal, hay que dejar un producto mejor al que recibiste, analizado as\u00ed, que es una forma criteriosa de analizarlo en diferentes situaciones, tuvimos un campeonato mejor que el anterior y en eso estamos muy conformes. El desaf\u00edo ahora es que el pr\u00f3ximo campeonato sea mejor a este y as\u00ed hasta salir campeones, hasta ganarlo, si es el a\u00f1o que viene mejor y si no ser\u00e1 el \u00b424 o \u00b425. Si todos los a\u00f1os tenemos un campeonato mejor, el a\u00f1o de ganar el t\u00edtulo va a llegar\u201d.<\/em><\/p>\n\n\n\n<p><em>\u201cFalt\u00f3 ganar el partido de octavos, falt\u00f3 levantarse bien y ganar. El objetivo alcanzable, era estar entre los 4 primeros, hubiese sido mejor clasificar cuartos que no es f\u00e1cil, pero ese partido lo hubi\u00e9semos jugado de local y hubiese sido mejor, pero bueno, el f\u00fatbol tambi\u00e9n se trata de ganar de visitante y falto eso\u201d.<\/em><\/p>\n\n\n\n<p><strong><u>Sobre cuestiones extrafutbol\u00edsticas pensando en el futuro<\/u><\/strong>:<\/p>\n\n\n\n<p><em>\u201cTodo lo que advertimos y deducimos que se puede reflejar en el resultado de un partido son variables que se tratan de manejar. Algunas variables que existen se pueden manejar y otras no se puede manejar en nada\u201d.<\/em><\/p>\n\n\n\n<p><strong><u>Sobre las obras que realizaron en su gesti\u00f3n<\/u><\/strong>:<\/p>\n\n\n\n<p><em>\u201cDejamos al club mejor al que recibimos, analizando as\u00ed todo lo que ten\u00eda que ser arreglado se ha mejorado, ordenado y se ha ampliado. Lo hemos mejorado, lo cual pendiente no queda nada, solamente las luces, pero bueno, es demasiado oneroso y lo pondremos el a\u00f1o siguiente o el que viene. En un estado macroecon\u00f3mico y que muchos clubes no pueden contar un estado genuino como el nuestro, as\u00ed que desde lo institucional estamos conformes\u201d.<\/em><\/p>\n\n\n\n<p><strong><u>Sobre el armado del pr\u00f3ximo plantel<\/u><\/strong>:<\/p>\n\n\n\n<p><em>\u201cDesde los jugadores, el t\u00e9cnico se comunic\u00f3 con los que se quedan y hubo coincidencia con nosotros. Con tres ya estamos arreglando el contrato para el 2023 y se ver\u00e1 si se quieren quedar o no, y el resto iremos sum\u00e1ndolo estos d\u00edas\u201d.<\/em><\/p>\n\n\n\n<p><em>\u201cSi el t\u00e9cnico te pasa una lista es porque ya eligi\u00f3 ese jugador y despu\u00e9s habr\u00e1 que hablar con el jugador y arreglar si se quiere quedar o no\u201d.<\/em><\/p>\n\n\n\n<p><em>\u201cAqu\u00e9l jugador que no va a ser tenido en cuenta se le comunicar\u00e1 y que cambie el chip y empiece a buscar club, aquellos jugadores que encuentran club nosotros estamos para acompa\u00f1ar, no para complicar\u201d.<\/em><\/p>\n\n\n\n<p><strong><u>Sobre los refuerzos<\/u><\/strong><em>:<\/em><\/p>\n\n\n\n<p><em>\u201cEso depende de las renovaciones que logremos, dentro de la n\u00f3mina de jugadores a los que les vamos a proponer y pedir que se queden y se logran en un cien por cien, la cantidad de incorporaciones se van a reducir. A mediod\u00eda que se libere un jugador de los que no arregl\u00f3, fuere por lo que fuere, podr\u00eda sumar esa misma cantidad en las incorporaciones\u201d.<\/em><\/p>\n\n\n\n<p><em>\u201cDe a acuerdo a lo que se propone, unos 10 o 12 refuerzos, y 6&nbsp; trataremos de que sean de primer\u00edsimo nivel\u201d.<\/em><\/p>\n\n\n\n<p><strong><u>Sobre las luces en el Miguel Morales este a\u00f1o:<\/u><\/strong><\/p>\n\n\n\n<p><em>\u201cNo, porque depende de alg\u00fan proveedor que se anime a financiarlos porque nosotros hoy, 2 de noviembre, plata no tenemos. Tenemos algo para ir pagando que se va venciendo el 2 de diciembre, si encontramos a un proveedor y se anima a financiamos y que arme todo, en enero o febrero la colocamos. En la medida que no aparezca habr\u00e1 que esperar\u201d.<\/em><\/p>\n\n\n\n<p><strong><u>Sobre Divisiones Inferiores, pensi\u00f3n y protagonismo en la liga local:<\/u><\/strong><\/p>\n\n\n\n<p><em>\u201cHay un par de dirigentes que est\u00e1n a cargo de ese tema, est\u00e1n tratando de encaminar eso e ir proyect\u00e1ndolo de modo tal que los arreglos se vayan haciendo y funcionar cien por cien. Ahora el oyente se imagina una s\u00faper pensi\u00f3n, eso no est\u00e1 programado hasta el momento pero s\u00ed la idea es dejarla en condiciones para que todas las prestaciones que tiene funcione lo necesario para que est\u00e9 ocupada en su totalidad\u201d,<\/em><\/p>\n\n\n\n<p><em>\u201c\u00c9l (Gustavo Raggio, &nbsp;dentro de su programaci\u00f3n tiene pensado interactuar constantemente con Aranda (Adri\u00e1n) y con el resto de las inferiores. Quiere armar una especie de 3 equipos, los que no les toca ir entre los 18 en el Federal A, tienen que estar a disposici\u00f3n del equipo de la Primera local, si eso se cumple el equipo de la liga local va a quedar mucho m\u00e1s potenciado\u201d.<\/em><\/p>\n\n\n\n<p><strong><u>Sobre el recital de La Konga<\/u><\/strong>:<\/p>\n\n\n\n<p><em>\u201cLa venta de entradas viene bien, viene sostenida, los primeros d\u00edas de noviembre donde la mayor\u00eda cobra puede repuntar, pero viene bien. Si durante todos los d\u00edas de noviembre y poquitos de diciembre se mantiene esta venta va a ser una cantidad de gente muy importante\u201d.<\/em><\/p>\n\n\n\n<p><em>\u201cSi este recital da buenos resultados tanto de punto de vista como de espect\u00e1culo, es decir que no se lastime nadie, que se vayan todos conformes, y que los artistas lo hagan de la mejor manera posible, y si en la cantidad de dinero repartido le quede una buena suma al club, se justifica poner en riesgo el campo de juego, y lo dem\u00e1s se podr\u00eda repetir tranquilamente\u201d.<\/em><\/p>\n\n\n\n<p><strong><u>Sobre el regreso de la rifa<\/u><\/strong>:<\/p>\n\n\n\n<p><em>\u201cS\u00ed, conforme. Se tendr\u00eda que haber vendido mucho m\u00e1s porque la rifa es muy buena, son premios muy importantes, est\u00e1n todos los premios adquiridos y separados en un galp\u00f3n con lo cual podr\u00edamos haber vendido bastante, m\u00e1s por lo accesible, lo econ\u00f3mico y la cantidad de premios que entrega, pero bueno, siempre estamos conformes porque la rifa es un acto voluntario, pero me qued\u00e9 con las ganas de vender bastantes n\u00fameros m\u00e1s\u201d.<\/em><\/p>\n\n\n\n<p><strong><u>Sobre la temporada de pileta<\/u><\/strong>:<\/p>\n\n\n\n<p><em>\u201cEmpezamos con los trabajos de infraestructura en la pileta, estos d\u00edas nos vamos a ir fijando el precio de los abonos, los medios de pago y las formas de pago para siempre tener una financiaci\u00f3n para que la mayor\u00eda de las personas que quieran ir a la pileta nuestra puedan hacerlo. Calculo que la semana que viene ya estar\u00eda publicada el valor de los abonos\u201d.<\/em><\/p>\n\n\n\n<p><strong><u>Sobre una posible campa\u00f1a de socios<\/u><\/strong>:<\/p>\n\n\n\n<p><em>\u201cLas veces que he visto campa\u00f1a de los socios siempre fue lo mismo, nunca vi que tuviese mucho sentido y nunca vi que en una campa\u00f1a se incorporen socios. A Douglas todo el que lo tiene que conocer ya lo conoce, una campa\u00f1a se instala cuando algo no se conoce y Douglas se conoce, cualquier persona que le guste el f\u00fatbol &nbsp;sabe de qu\u00e9 se trata, que cualquier ingreso genuino que tenga una instituci\u00f3n es la cuota social, y ser\u00eda decirle lo mismos que todos sabemos\u201d.<a><\/a><\/em><\/p>\n\n\n\n<p><strong><u>Sobre la econom\u00eda del club<\/u><\/strong>: <em>\u201cNo tenemos deudas, aspiramos a que los poquitos recursos que quedan ya est\u00e1n destinados a ir pagando lo que resta del a\u00f1o. Vamos a cumplir el primer objetivo que nos fijamos, que es no deberle un centavo a nadie\u201d.<\/em><\/p>\n","protected":false},"excerpt":{"rendered":"<p>Termin\u00f3 el Federal A 2022 para Douglas, y el presidente de la instituci\u00f3n, Karim Dib, hizo un balance en La Gloria o Devoto, y valor\u00f3 la campa\u00f1a del equipo en el \u00faltimo torneo, donde qued\u00f3 eliminado en octavos frente a Bol\u00edvar. Para el titular rojinegro, la performance en esta temporada super\u00f3 a la pasada, y [&hellip;]<\/p>\n","protected":false},"author":1,"featured_media":5931,"comment_status":"open","ping_status":"open","sticky":false,"template":"","format":"standard","meta":{"_monsterinsights_skip_tracking":false,"_monsterinsights_sitenote_active":false,"_monsterinsights_sitenote_note":"","_monsterinsights_sitenote_category":0,"footnotes":""},"categories":[7],"tags":[170],"class_list":["post-5930","post","type-post","status-publish","format-standard","has-post-thumbnail","hentry","category-deportes","tag-170"],"_links":{"self":[{"href":"https:\/\/news.digitaltv.com.ar\/index.php?rest_route=\/wp\/v2\/posts\/5930","targetHints":{"allow":["GET"]}}],"collection":[{"href":"https:\/\/news.digitaltv.com.ar\/index.php?rest_route=\/wp\/v2\/posts"}],"about":[{"href":"https:\/\/news.digitaltv.com.ar\/index.php?rest_route=\/wp\/v2\/types\/post"}],"author":[{"embeddable":true,"href":"https:\/\/news.digitaltv.com.ar\/index.php?rest_route=\/wp\/v2\/users\/1"}],"replies":[{"embeddable":true,"href":"https:\/\/news.digitaltv.com.ar\/index.php?rest_route=%2Fwp%2Fv2%2Fcomments&post=5930"}],"version-history":[{"count":1,"href":"https:\/\/news.digitaltv.com.ar\/index.php?rest_route=\/wp\/v2\/posts\/5930\/revisions"}],"predecessor-version":[{"id":5932,"href":"https:\/\/news.digitaltv.com.ar\/index.php?rest_route=\/wp\/v2\/posts\/5930\/revisions\/5932"}],"wp:featuredmedia":[{"embeddable":true,"href":"https:\/\/news.digitaltv.com.ar\/index.php?rest_route=\/wp\/v2\/media\/5931"}],"wp:attachment":[{"href":"https:\/\/news.digitaltv.com.ar\/index.php?rest_route=%2Fwp%2Fv2%2Fmedia&parent=5930"}],"wp:term":[{"taxonomy":"category","embeddable":true,"href":"https:\/\/news.digitaltv.com.ar\/index.php?rest_route=%2Fwp%2Fv2%2Fcategories&post=5930"},{"taxonomy":"post_tag","embeddable":true,"href":"https:\/\/news.digitaltv.com.ar\/index.php?rest_route=%2Fwp%2Fv2%2Ftags&post=5930"}],"curies":[{"name":"wp","href":"https:\/\/api.w.org\/{rel}","templated":true}]}}