{"id":5935,"date":"2022-11-03T10:42:15","date_gmt":"2022-11-03T13:42:15","guid":{"rendered":"https:\/\/news.digitaltv.com.ar\/?p=5935"},"modified":"2022-11-03T10:42:33","modified_gmt":"2022-11-03T13:42:33","slug":"creci-y-madure-muchisimo","status":"publish","type":"post","link":"https:\/\/news.digitaltv.com.ar\/?p=5935","title":{"rendered":"&#8220;CRECI Y MADUR\u00c9 MUCHISIMO&#8221;"},"content":{"rendered":"\n<p><em>Fausto Fiol, jugador pergaminense de Sansinena, convers\u00f3 con La Gloria o Devoto y cont\u00f3 de la experiencia fruct\u00edfera que adquiri\u00f3 en el elenco de General Cerri, donde jug\u00f3 la mayor\u00eda de los partidos en el \u00faltimo Federal A y fue una pieza clave del conjunto de Dar\u00edo Bonjour. Para el \u201cFlaco\u201d, el \u201cTripero\u201d es un club humilde pero al que aprendi\u00f3 a querer, y tambi\u00e9n se refiri\u00f3 al futuro deportivo. Adem\u00e1s, el ex Douglas compar\u00f3 la zona norte con la sur, y se anim\u00f3 a aventurar qu\u00e9 pasar\u00e1 en el cl\u00e1sico bahiense el pr\u00f3ximo domingo.<\/em><\/p>\n\n\n\n<p>Ya en sus pagos, luego de un campeonato s\u00faper positivo en Sansinena de General Cerri, Fausto Fiol disfruta junto a los suyos: \u201cLa familia es un motor que a uno lo impulsa siempre, soy un agradecido a los padres que tengo, hermanos, amigos, volver a verlos despu\u00e9s de tanto tiempo es lindo\u201d, comenz\u00f3 la charla el jugador, que a principios de temporada recibi\u00f3 una oferta y no dud\u00f3: \u201cSab\u00eda muy poco, ac\u00e1 no iba a tener lugar y apareci\u00f3 esto, entonces no conoc\u00eda porque siendo sincero la zona sur no la ve\u00eda demasiado, s\u00ed alg\u00fan que otro partido pero no conoc\u00eda. Cuando surgi\u00f3 la posibilidad me puse a averiguar sobre el lugar, habl\u00e9 con jugadores, lo tom\u00e9 con muchas ganas porque es un club que se fij\u00f3 en m\u00ed y fui para all\u00e1 convencido y a hacer las cosas de la mejor manera posible\u201d.<\/p>\n\n\n\n<p>Desde lo individual, el \u201cFlaco\u201d redonde\u00f3 un gran torneo: \u201cFue un a\u00f1o m\u00e1s que positivo, me toc\u00f3 aprender muchas cosas que no sab\u00eda, al ser la primera experiencia lejos de casa me cost\u00f3 el arranque, adaptarme me llev\u00f3 algunos partidos, al equipo le cost\u00f3 ese arranque porque la mayor\u00eda de los jugadores reun\u00edamos esos requisitos, nos cost\u00f3 adaptarnos a la categor\u00eda. El estar lejos de casa, otra zona, otras canchas y una vez superada esas barreras individualmente y como equipo tambi\u00e9n dimos una pelea b\u00e1rbara, \u00e9ramos un rival dif\u00edcil para cualquier equipo y pudimos terminar un a\u00f1o m\u00e1s que impensado. En lo personal fue un a\u00f1o gratificante, que me convirti\u00f3 en m\u00e1s jugador\u201d, asegur\u00f3, y acto seguido detall\u00f3 con lo que se encontr\u00f3 una vez arribado al \u201cTripero\u201d: \u201cEs otro mundo distinto al de Douglas, es algo muy humilde, un club que lo poco que tiene te lo da todo, la gente que trabaja es muy humana, le termin\u00e1s agarrando un cari\u00f1o al club. Las herramientas de trabajo no abundan como en Douglas o pasa en otros clubes y eso te hace valorar muchas cosas, te hace darte cuenta de lo que cuesta llegar ah\u00ed, mantenerse, de pasar algunas necesidades, no porque el club no las tiene si no que no te las puede dar y eso me gener\u00f3 algo por dentro que hace que valores las cosas. Soy un agradecido a Sansinena porque es un club hermoso, tiene hinchas y un pueblo entero que lo sigue, estoy agradecido y contento de haber ido a Sansinena\u201d.<\/p>\n\n\n\n<p>Ahora, pasada la temporada, Fiol piensa en su futuro: \u201cMi v\u00ednculo con Sansinena se termin\u00f3, era solamente por este torneo, soy libre de accionar y de ir a donde pueda a donde quiera. Veremos qu\u00e9 depara el destino para el pr\u00f3ximo torneo o pr\u00f3ximo a\u00f1o, veremos que voy hacer\u201d, manifest\u00f3, y agreg\u00f3 en cuanto a ofrecimientos: \u201cPara el torneo Regional tuve posibilidades para ir pero no termin\u00e9 yendo y para otra categor\u00eda no recib\u00ed ning\u00fan llamado pero me estoy entrenando, me estoy moviendo as\u00ed que veremos, no me apura nada, veremos qu\u00e9 pasa con mi futuro\u201d.<\/p>\n\n\n\n<p>El ex Douglas y Argentino, hizo un cambio radical en tanto en lo f\u00edsico y en lo futbol\u00edstico, y eso lo ayud\u00f3 en el rendimiento: \u201cLo que respecta f\u00edsicamente, este a\u00f1o me prepar\u00e9 un mont\u00f3n, me entren\u00e9 un mont\u00f3n y se vio una mejor\u00eda grande, con el cuerpo t\u00e9cnico trabajamos doble turno, ayud\u00f3 a conseguir este cambio y mi mentalidad cambi\u00f3 much\u00edsimo. Crec\u00ed y madur\u00e9 much\u00edsimo, antes las comodidades de estar en tu casa, en tu lugar de confort, me hac\u00edan ver otras cosas, al irme cambi\u00e9 de lo personal,&nbsp; entend\u00ed otras cosas del juego, Dar\u00edo (Bonjour) es un t\u00e9cnico b\u00e1rbaro que te hace todo m\u00e1s f\u00e1cil y lo que logr\u00e9, lo que cambi\u00e9 fue gracias a \u00e9l que fue participe y estoy muy agradecido\u201d, indic\u00f3, y aprovech\u00f3 para comparar las secciones del campeonato, ya que jug\u00f3 en ambas: \u201cEs algo que entre los jugadores se habla, me fui con un pensamiento hacia la zona sur y no vuelvo pensando lo mismo.<a><\/a>Me fui pensando que la zona norte era mejor y que la zona sur carec\u00eda un poco de nivel y me encontr\u00e9 con algo distinto. En cuanto a nivel es parecida, la zona norte tiene clubes m\u00e1s convocantes, con m\u00e1s historia en el ascenso del interior, vos mir\u00e1s los primeros ocho que entran en la zona norte y son equipos convocantes, en la zona sur son menos convocantes, que tienen otra infraestructura pero en cuanto a nivel deportivo, se vio demostrado que llegaron dos equipos de la zona norte y dos de la sur. Son muy parejas y durante el tiempo se van a ir emparejando m\u00e1s\u201d.<\/p>\n\n\n\n<p>Se vienen las semifinales del certamen, y uno de ellas es el cl\u00e1sico bahiense, por eso Fiol emiti\u00f3 su opini\u00f3n: \u201cPude enfrentar a los dos equipos, fue algo so\u00f1ado poder jugar en la cancha de Olimpo y de Villa Mitre. Olimpo perdi\u00f3 a Brian (Guille), que es un jugador extraordinario que te define partidos, la local\u00eda empuja, pero Villa Mitre viene jugando bien, no me inclino por ninguno, para m\u00ed se define por penales, porque los dos vienen muy bien\u201d, tir\u00f3, y cerr\u00f3 con una afirmaci\u00f3n: \u201cOlimpo tiene dos planteles dentro de uno, en cuanto a calidad deportiva puede suplantarlo, los dos equipos son parejos\u201d.<\/p>\n","protected":false},"excerpt":{"rendered":"<p>Fausto Fiol, jugador pergaminense de Sansinena, convers\u00f3 con La Gloria o Devoto y cont\u00f3 de la experiencia fruct\u00edfera que adquiri\u00f3 en el elenco de General Cerri, donde jug\u00f3 la mayor\u00eda de los partidos en el \u00faltimo Federal A y fue una pieza clave del conjunto de Dar\u00edo Bonjour. Para el \u201cFlaco\u201d, el \u201cTripero\u201d es un [&hellip;]<\/p>\n","protected":false},"author":1,"featured_media":5936,"comment_status":"open","ping_status":"open","sticky":false,"template":"","format":"standard","meta":{"_monsterinsights_skip_tracking":false,"_monsterinsights_sitenote_active":false,"_monsterinsights_sitenote_note":"","_monsterinsights_sitenote_category":0,"footnotes":""},"categories":[7],"tags":[170],"class_list":["post-5935","post","type-post","status-publish","format-standard","has-post-thumbnail","hentry","category-deportes","tag-170"],"_links":{"self":[{"href":"https:\/\/news.digitaltv.com.ar\/index.php?rest_route=\/wp\/v2\/posts\/5935","targetHints":{"allow":["GET"]}}],"collection":[{"href":"https:\/\/news.digitaltv.com.ar\/index.php?rest_route=\/wp\/v2\/posts"}],"about":[{"href":"https:\/\/news.digitaltv.com.ar\/index.php?rest_route=\/wp\/v2\/types\/post"}],"author":[{"embeddable":true,"href":"https:\/\/news.digitaltv.com.ar\/index.php?rest_route=\/wp\/v2\/users\/1"}],"replies":[{"embeddable":true,"href":"https:\/\/news.digitaltv.com.ar\/index.php?rest_route=%2Fwp%2Fv2%2Fcomments&post=5935"}],"version-history":[{"count":1,"href":"https:\/\/news.digitaltv.com.ar\/index.php?rest_route=\/wp\/v2\/posts\/5935\/revisions"}],"predecessor-version":[{"id":5937,"href":"https:\/\/news.digitaltv.com.ar\/index.php?rest_route=\/wp\/v2\/posts\/5935\/revisions\/5937"}],"wp:featuredmedia":[{"embeddable":true,"href":"https:\/\/news.digitaltv.com.ar\/index.php?rest_route=\/wp\/v2\/media\/5936"}],"wp:attachment":[{"href":"https:\/\/news.digitaltv.com.ar\/index.php?rest_route=%2Fwp%2Fv2%2Fmedia&parent=5935"}],"wp:term":[{"taxonomy":"category","embeddable":true,"href":"https:\/\/news.digitaltv.com.ar\/index.php?rest_route=%2Fwp%2Fv2%2Fcategories&post=5935"},{"taxonomy":"post_tag","embeddable":true,"href":"https:\/\/news.digitaltv.com.ar\/index.php?rest_route=%2Fwp%2Fv2%2Ftags&post=5935"}],"curies":[{"name":"wp","href":"https:\/\/api.w.org\/{rel}","templated":true}]}}