{"id":5941,"date":"2022-11-03T11:14:26","date_gmt":"2022-11-03T14:14:26","guid":{"rendered":"https:\/\/news.digitaltv.com.ar\/?p=5941"},"modified":"2022-11-05T11:55:03","modified_gmt":"2022-11-05T14:55:03","slug":"la-justicia-fallo-en-contra-del-municipio-en-la-intervencion-de-la-celp","status":"publish","type":"post","link":"https:\/\/news.digitaltv.com.ar\/?p=5941","title":{"rendered":"LA JUSTICIA FALLO EN CONTRA DEL MUNICIPIO EN LA INTERVENCION\u00a0 DE LA CELP"},"content":{"rendered":"\n<h2 class=\"wp-block-heading\">En el  fallo que se conocio ayer, el Juez dej\u00f3 sin efecto la cautelar pedida por la Municipalidad contra  la CELP.   <\/h2>\n\n\n\n<p>Como resultado de la presentaci\u00f3n de la CELP en el expediente, con el patrocinio del reconocido jurista Dr. Carlos Botassi, el Juez  del Juzgado Civil y Comercial N\u00ba 1 de Pergamino,  Dr. Ramiro Guerrico, a cargo de la causa, dej\u00f3 sin efecto la cautelar pedida por la Municipalidad contra la CELP. reanaliz\u00f3 la situaci\u00f3n y concluyo en que la CELP, a contrario de lo que dec\u00eda la MUNICIPALIDAD DE PERGAMINO, ten\u00eda la documentaci\u00f3n en regla y su nuevo Estatuto aprobado por la asamblea de delegados del 29 de abril de \u00e9ste a\u00f1o aprobado por el INSTITUTO NACIONAL DE ASOCIATIVISMO Y ECONOMIA SOCIAL \u2013 el INAES, en fecha anterior a su resoluci\u00f3n.<\/p>\n\n\n\n<p>Por ello, fallo levantando la cautelar que le hab\u00eda impuesto, con lo cual incluso queda sin efecto la &nbsp;designaci\u00f3n de un veedor, que hab\u00eda reca\u00eddo en el Escribano Street de \u00e9sta ciudad.<\/p>\n\n\n\n<p>De todas formas el expediente sigue adelante, pues en este caso se trata de un incidente cautelar, un desprendimiento &nbsp;de una causa principal que sigue en tr\u00e1mite.<\/p>\n\n\n\n<blockquote class=\"wp-block-quote is-layout-flow wp-block-quote-is-layout-flow\"><p><\/p><cite>del fallo de Guerrico: &#8220;Hacer lugar al pedido de levantamiento de medida cautelar efectuado en el apartado I.3. del escrito de fecha 27\/10\/2022 por la Cooperativa El\u00e9ctrica, Servicios Anexos y Vivienda de Pergamino Ltda. (C.E.L.P.) (conf. arts. 161, 202, ss. y cc. del C.P.C.C.).&#8221;<\/cite><\/blockquote>\n\n\n\n<p>Resta saber que har\u00e1 el Municipio ante este rev\u00e9s judicial, puesto que su pretensi\u00f3n era la intervenci\u00f3n de la CELP y que se llamara a elecciones con el viejo Estatuto, que el Juez considero derogado, siendo que mientras est\u00e9 &nbsp;judicializada la situaci\u00f3n, est\u00e1 en duda la fecha de las elecciones.<\/p>\n","protected":false},"excerpt":{"rendered":"<p>En el fallo que se conocio ayer, el Juez dej\u00f3 sin efecto la cautelar pedida por la Municipalidad contra la CELP. Como resultado de la presentaci\u00f3n de la CELP en el expediente, con el patrocinio del reconocido jurista Dr. Carlos Botassi, el Juez del Juzgado Civil y Comercial N\u00ba 1 de Pergamino, Dr. Ramiro Guerrico, [&hellip;]<\/p>\n","protected":false},"author":8,"featured_media":5951,"comment_status":"open","ping_status":"open","sticky":false,"template":"","format":"standard","meta":{"_monsterinsights_skip_tracking":false,"_monsterinsights_sitenote_active":false,"_monsterinsights_sitenote_note":"","_monsterinsights_sitenote_category":0,"footnotes":""},"categories":[150,152,6],"tags":[159],"class_list":["post-5941","post","type-post","status-publish","format-standard","has-post-thumbnail","hentry","category-actualidad","category-pergamino","category-politica","tag-159"],"_links":{"self":[{"href":"https:\/\/news.digitaltv.com.ar\/index.php?rest_route=\/wp\/v2\/posts\/5941","targetHints":{"allow":["GET"]}}],"collection":[{"href":"https:\/\/news.digitaltv.com.ar\/index.php?rest_route=\/wp\/v2\/posts"}],"about":[{"href":"https:\/\/news.digitaltv.com.ar\/index.php?rest_route=\/wp\/v2\/types\/post"}],"author":[{"embeddable":true,"href":"https:\/\/news.digitaltv.com.ar\/index.php?rest_route=\/wp\/v2\/users\/8"}],"replies":[{"embeddable":true,"href":"https:\/\/news.digitaltv.com.ar\/index.php?rest_route=%2Fwp%2Fv2%2Fcomments&post=5941"}],"version-history":[{"count":4,"href":"https:\/\/news.digitaltv.com.ar\/index.php?rest_route=\/wp\/v2\/posts\/5941\/revisions"}],"predecessor-version":[{"id":5950,"href":"https:\/\/news.digitaltv.com.ar\/index.php?rest_route=\/wp\/v2\/posts\/5941\/revisions\/5950"}],"wp:featuredmedia":[{"embeddable":true,"href":"https:\/\/news.digitaltv.com.ar\/index.php?rest_route=\/wp\/v2\/media\/5951"}],"wp:attachment":[{"href":"https:\/\/news.digitaltv.com.ar\/index.php?rest_route=%2Fwp%2Fv2%2Fmedia&parent=5941"}],"wp:term":[{"taxonomy":"category","embeddable":true,"href":"https:\/\/news.digitaltv.com.ar\/index.php?rest_route=%2Fwp%2Fv2%2Fcategories&post=5941"},{"taxonomy":"post_tag","embeddable":true,"href":"https:\/\/news.digitaltv.com.ar\/index.php?rest_route=%2Fwp%2Fv2%2Ftags&post=5941"}],"curies":[{"name":"wp","href":"https:\/\/api.w.org\/{rel}","templated":true}]}}