{"id":609,"date":"2022-03-10T23:12:31","date_gmt":"2022-03-11T02:12:31","guid":{"rendered":"https:\/\/wp.digitaltv.com.ar\/?p=609"},"modified":"2022-03-11T09:44:41","modified_gmt":"2022-03-11T12:44:41","slug":"tealdi-el-aula-debe-ser-una-espacio-de-reflexion","status":"publish","type":"post","link":"https:\/\/news.digitaltv.com.ar\/?p=609","title":{"rendered":"Tealdi: &#8220;El aula debe ser un espacio de reflexi\u00f3n&#8221;"},"content":{"rendered":"\n<p><strong>Por Fernando Antu\u00f1a<\/strong><\/p>\n\n\n\n<p><strong>Natalia Tealdi<\/strong>, Lic en Comunicaci\u00f3n Social, integrante de APU (Artistas Pergaminenses Unidad), Coordinadora del Centro Cultural Registrarte, hizo referencia al <strong>\u201c8M\u201d<\/strong> (D\u00eda Internacional de la Mujer), en el programa <em>\u201cEsto es lo que Hay\u201d<\/em> (FM Data Digital 105.1)<\/p>\n\n\n\n<p><em>\u201cPara nosotros, a pesar de todo lo que est\u00e1 pasando con las mujeres, es un d\u00eda festivo, un d\u00eda de lucha, de encuentro y de triunfo, donde hacemos visibles nuestros cuerpos, nuestros derechos. Para nosotros el D\u00eda Internacional de la Mujer trabajadora es no solo reivindicar los derechos que tenemos las que trabajamos, sino tambi\u00e9n aquellas mujeres que deciden quedarse en sus casas trabajando en las tareas del hogar\u201d,<\/em> indic\u00f3 en el inicio de la charla la entrevistada.<\/p>\n\n\n\n<p>Tealdi es docente, e indic\u00f3 cu\u00e1les son las preocupaciones y debates de los y las j\u00f3venes en el espacio \u00e1ulico: <em>\u201cEl aula es un lugar de reflexi\u00f3n para los que trabajamos ah\u00ed, sobre todo en estos contextos donde pareciera que la ESI (Educaci\u00f3n Sexual Integral) es una elecci\u00f3n, y en realidad es un espacio obligatorio para trabajar en las aulas.<\/em><\/p>\n\n\n\n<p><em>Creo que esta noticia de los j\u00f3venes violadores puso en tapete que ya no se puede dejar de lado la ESI.<\/em><\/p>\n\n\n\n<p><em>Cuando uno trabaja estas cuestiones los y las alumnas atienden, responden, se dan debates, claramente con opiniones encontradas, y eso muy interesante.<\/em><\/p>\n\n\n\n<p><em>Las materias que yo abordo tienen que ver con los medios de comunicaci\u00f3n, el tratamiento de las noticias; y ah\u00ed se da un debate interesant\u00edsimo para nosotros los comunicadores, de c\u00f3mo los medios de comunicaci\u00f3n hacen el tratamiento de la noticia con perspectiva de g\u00e9neros. Unas de las actividades es comparar qu\u00e9 dicen los medios, y c\u00f3mo tambi\u00e9n, muchas veces, est\u00e1n da\u00f1ando, perjudicando a la v\u00edctima en vez de estar comunicando con claridad una situaci\u00f3n tan grave\u201d.<\/em><\/p>\n\n\n\n<p><em>\u201cEl 8M viene a plantear muchos interrogantes que tienen que ver con las ESI, tiene que ver con el cuerpo de la mujer, con la falta de vulneraci\u00f3n de derechos. Poder entender y repensar las masculinidades dentro del aula, de una manera pedag\u00f3gica y reflexiva, es muy valioso. Como docentes debemos garantizar que el aula sea un espacio de reflexi\u00f3n, en donde todas esas voces opinen, tengan sus propios fundamentos, sino terminamos en una pelea mezquina y en una discusi\u00f3n con agresiones. Esta semillita de la discusi\u00f3n consciente tiene que generarse en el aula\u201d<\/em>, finaliz\u00f3 Tealdi.<\/p>\n","protected":false},"excerpt":{"rendered":"<p>Por Fernando Antu\u00f1a Natalia Tealdi, Lic en Comunicaci\u00f3n Social, integrante de APU (Artistas Pergaminenses Unidad), Coordinadora del Centro Cultural Registrarte, hizo referencia al \u201c8M\u201d (D\u00eda Internacional de la Mujer), en el programa \u201cEsto es lo que Hay\u201d (FM Data Digital 105.1) \u201cPara nosotros, a pesar de todo lo que est\u00e1 pasando con las mujeres, es [&hellip;]<\/p>\n","protected":false},"author":3,"featured_media":610,"comment_status":"open","ping_status":"open","sticky":false,"template":"","format":"standard","meta":{"_monsterinsights_skip_tracking":false,"_monsterinsights_sitenote_active":false,"_monsterinsights_sitenote_note":"","_monsterinsights_sitenote_category":0,"footnotes":""},"categories":[150,152],"tags":[158],"class_list":["post-609","post","type-post","status-publish","format-standard","has-post-thumbnail","hentry","category-actualidad","category-pergamino","tag-158"],"_links":{"self":[{"href":"https:\/\/news.digitaltv.com.ar\/index.php?rest_route=\/wp\/v2\/posts\/609","targetHints":{"allow":["GET"]}}],"collection":[{"href":"https:\/\/news.digitaltv.com.ar\/index.php?rest_route=\/wp\/v2\/posts"}],"about":[{"href":"https:\/\/news.digitaltv.com.ar\/index.php?rest_route=\/wp\/v2\/types\/post"}],"author":[{"embeddable":true,"href":"https:\/\/news.digitaltv.com.ar\/index.php?rest_route=\/wp\/v2\/users\/3"}],"replies":[{"embeddable":true,"href":"https:\/\/news.digitaltv.com.ar\/index.php?rest_route=%2Fwp%2Fv2%2Fcomments&post=609"}],"version-history":[{"count":2,"href":"https:\/\/news.digitaltv.com.ar\/index.php?rest_route=\/wp\/v2\/posts\/609\/revisions"}],"predecessor-version":[{"id":612,"href":"https:\/\/news.digitaltv.com.ar\/index.php?rest_route=\/wp\/v2\/posts\/609\/revisions\/612"}],"wp:featuredmedia":[{"embeddable":true,"href":"https:\/\/news.digitaltv.com.ar\/index.php?rest_route=\/wp\/v2\/media\/610"}],"wp:attachment":[{"href":"https:\/\/news.digitaltv.com.ar\/index.php?rest_route=%2Fwp%2Fv2%2Fmedia&parent=609"}],"wp:term":[{"taxonomy":"category","embeddable":true,"href":"https:\/\/news.digitaltv.com.ar\/index.php?rest_route=%2Fwp%2Fv2%2Fcategories&post=609"},{"taxonomy":"post_tag","embeddable":true,"href":"https:\/\/news.digitaltv.com.ar\/index.php?rest_route=%2Fwp%2Fv2%2Ftags&post=609"}],"curies":[{"name":"wp","href":"https:\/\/api.w.org\/{rel}","templated":true}]}}