{"id":6146,"date":"2022-11-14T10:43:08","date_gmt":"2022-11-14T13:43:08","guid":{"rendered":"https:\/\/news.digitaltv.com.ar\/?p=6146"},"modified":"2022-11-15T10:37:25","modified_gmt":"2022-11-15T13:37:25","slug":"cambios-en-calle-joaquin-menendez","status":"publish","type":"post","link":"https:\/\/news.digitaltv.com.ar\/?p=6146","title":{"rendered":"CAMBIOS EN CALLE JOAQU\u00cdN MEN\u00c9NDEZ"},"content":{"rendered":"\n<p>La Municipalidad informa que a ra\u00edz de un pedido del concejal Julio Adrover, el Honorable Concejo Deliberante aprob\u00f3 que se disponga de un \u00fanico sentido de circulaci\u00f3n para la calle Joaqu\u00edn Men\u00e9ndez en sentido sur norte en todo su trayecto, desde su intersecci\u00f3n con calle Pedro Torres y hasta Avenida Hip\u00f3lito Yrigoyen.<\/p>\n\n\n\n<blockquote class=\"wp-block-quote is-layout-flow wp-block-quote-is-layout-flow\"><p>Con esta medida se busca disminuir las dificultades y el riesgo de accidentes de tr\u00e1nsito para quienes circulan por la zona.<\/p><\/blockquote>\n","protected":false},"excerpt":{"rendered":"<p>La Municipalidad informa que a ra\u00edz de un pedido del concejal Julio Adrover, el Honorable Concejo Deliberante aprob\u00f3 que se disponga de un \u00fanico sentido de circulaci\u00f3n para la calle Joaqu\u00edn Men\u00e9ndez en sentido sur norte en todo su trayecto, desde su intersecci\u00f3n con calle Pedro Torres y hasta Avenida Hip\u00f3lito Yrigoyen. Con esta medida [&hellip;]<\/p>\n","protected":false},"author":1,"featured_media":6147,"comment_status":"open","ping_status":"open","sticky":false,"template":"","format":"standard","meta":{"_monsterinsights_skip_tracking":false,"_monsterinsights_sitenote_active":false,"_monsterinsights_sitenote_note":"","_monsterinsights_sitenote_category":0,"footnotes":""},"categories":[152],"tags":[159],"class_list":["post-6146","post","type-post","status-publish","format-standard","has-post-thumbnail","hentry","category-pergamino","tag-159"],"_links":{"self":[{"href":"https:\/\/news.digitaltv.com.ar\/index.php?rest_route=\/wp\/v2\/posts\/6146","targetHints":{"allow":["GET"]}}],"collection":[{"href":"https:\/\/news.digitaltv.com.ar\/index.php?rest_route=\/wp\/v2\/posts"}],"about":[{"href":"https:\/\/news.digitaltv.com.ar\/index.php?rest_route=\/wp\/v2\/types\/post"}],"author":[{"embeddable":true,"href":"https:\/\/news.digitaltv.com.ar\/index.php?rest_route=\/wp\/v2\/users\/1"}],"replies":[{"embeddable":true,"href":"https:\/\/news.digitaltv.com.ar\/index.php?rest_route=%2Fwp%2Fv2%2Fcomments&post=6146"}],"version-history":[{"count":1,"href":"https:\/\/news.digitaltv.com.ar\/index.php?rest_route=\/wp\/v2\/posts\/6146\/revisions"}],"predecessor-version":[{"id":6148,"href":"https:\/\/news.digitaltv.com.ar\/index.php?rest_route=\/wp\/v2\/posts\/6146\/revisions\/6148"}],"wp:featuredmedia":[{"embeddable":true,"href":"https:\/\/news.digitaltv.com.ar\/index.php?rest_route=\/wp\/v2\/media\/6147"}],"wp:attachment":[{"href":"https:\/\/news.digitaltv.com.ar\/index.php?rest_route=%2Fwp%2Fv2%2Fmedia&parent=6146"}],"wp:term":[{"taxonomy":"category","embeddable":true,"href":"https:\/\/news.digitaltv.com.ar\/index.php?rest_route=%2Fwp%2Fv2%2Fcategories&post=6146"},{"taxonomy":"post_tag","embeddable":true,"href":"https:\/\/news.digitaltv.com.ar\/index.php?rest_route=%2Fwp%2Fv2%2Ftags&post=6146"}],"curies":[{"name":"wp","href":"https:\/\/api.w.org\/{rel}","templated":true}]}}