{"id":6203,"date":"2022-11-17T09:55:54","date_gmt":"2022-11-17T12:55:54","guid":{"rendered":"https:\/\/news.digitaltv.com.ar\/?p=6203"},"modified":"2022-11-18T08:46:03","modified_gmt":"2022-11-18T11:46:03","slug":"promulgan-ley-de-promocion-y-fomento-de-los-artistas-populares-bonaerenses","status":"publish","type":"post","link":"https:\/\/news.digitaltv.com.ar\/?p=6203","title":{"rendered":"PROMULGAN LEY DE PROMOCI\u00d3N Y FOMENTO DE LOS ARTISTAS POPULARES BONAERENSES"},"content":{"rendered":"\n<p>El Gobierno bonaerense promulg\u00f3 hoy una ley de promoci\u00f3n y fomento de los artistas populares bonaerenses, que tiene el objetivo de generar &#8220;un mayor conocimiento de los artistas locales de los distintos municipios a trav\u00e9s de su promoci\u00f3n y difusi\u00f3n, como de su participaci\u00f3n en eventos y espect\u00e1culos culturales organizados por la Provincia y en su acercamiento con productoras y\/o discogr\u00e1ficas&#8221;.<\/p>\n\n\n\n<p>Los espect\u00e1culos culturales alcanzados son los de m\u00fasica, artes audiovisuales y multimedia, artes pl\u00e1sticas, artes esc\u00e9nicas, artesan\u00edas y patrimonio, letras en todas sus expresiones, y toda manifestaci\u00f3n art\u00edstica &#8220;ya sea en un teatro, predio, estadio, as\u00ed como en centros y espacios culturales, barriales y en la v\u00eda p\u00fablica&#8221;.<\/p>\n\n\n\n<p>&#8220;No podr\u00e1n inscribirse en este r\u00e9gimen, aquellos artistas bonaerenses que se encuentren con contrato vigente con una productora o industria discogr\u00e1fica profesional y\/o comercial&#8221;, aclara la medida.<\/p>\n\n\n\n<p>A la vez, la iniciativa surgida de la legisladora del Frente de Todos Marcela Faroni y sancionada el 27 de octubre pasado, define como artista bonaerense &#8220;a todo aquel que tiene domicilio legal en alguna localidad dentro del \u00e1mbito territorial de la provincia de Buenos Aires con al menos un a\u00f1o de antig\u00fcedad y que desarrolla su arte a trav\u00e9s de un espect\u00e1culo cultural brindado a la ciudadan\u00eda&#8221;.<\/p>\n\n\n\n<p>La norma busca consolidar y promocionar a los artistas populares de la provincia, generar mayores espacios de participaci\u00f3n y actuaci\u00f3n para estos artistas, realizar un trabajo en conjunto entre la Provincia y los municipios, el conocimiento de los artistas locales de los distintos municipios de la Provincia.<\/p>\n\n\n\n<p>Tambi\u00e9n, la participaci\u00f3n de estos artistas en los festivales y eventos culturales organizados por la provincia de Buenos Aires, la difusi\u00f3n de los artistas y su actividad, trabajo y\/o producci\u00f3n art\u00edstica en plataformas digitales creadas por la Provincia, la promoci\u00f3n de los mismos en la publicidad utilizada por la Provincia, apoyar a aquellos que no tengan herramientas de promoci\u00f3n a generar v\u00ednculos con productoras y discogr\u00e1ficas, y facilitar la b\u00fasqueda de patrocinadores.<\/p>\n\n\n\n<p>Se determina mediante la norma la creaci\u00f3n de un registro de artistas y se indica que &#8220;las producciones art\u00edsticas, culturales y de espect\u00e1culos organizados por el Estado Provincial en el \u00e1mbito de su jurisdicci\u00f3n, y que sean solventadas en todo o en parte por el mismo, implican obligatoriamente la contrataci\u00f3n remunerada de artistas bonaerenses inscriptos&#8221; en esa n\u00f3mina.<\/p>\n\n\n\n<p>A la vez, se establece que &#8220;los artistas seleccionados tendr\u00e1n prioridad en la difusi\u00f3n que se realice en el canal de la provincia de Buenos Aires, la plataforma digital y todo lo relativo a la b\u00fasqueda de patrocinadores&#8221; y se indica que &#8220;deber\u00e1n recibir una remuneraci\u00f3n conforme a las leyes laborales vigentes&#8221;.<\/p>\n\n\n\n<p>Luego, se plantea el modo de participaci\u00f3n del sector privado para el financiamiento de espect\u00e1culos y proyectos art\u00edsticos mediante donaciones, pr\u00e9stamos de uso o comodato, patrocinio o sistema de benefactores, que &#8220;podr\u00e1n ajustarse a los beneficios que regula la Ley 14.904 de Mecenazgo Provincial, mediante los mecanismos que disponga la reglamentaci\u00f3n&#8221;.<\/p>\n","protected":false},"excerpt":{"rendered":"<p>El Gobierno bonaerense promulg\u00f3 hoy una ley de promoci\u00f3n y fomento de los artistas populares bonaerenses, que tiene el objetivo de generar &#8220;un mayor conocimiento de los artistas locales de los distintos municipios a trav\u00e9s de su promoci\u00f3n y difusi\u00f3n, como de su participaci\u00f3n en eventos y espect\u00e1culos culturales organizados por la Provincia y en [&hellip;]<\/p>\n","protected":false},"author":1,"featured_media":6204,"comment_status":"open","ping_status":"open","sticky":false,"template":"","format":"standard","meta":{"_monsterinsights_skip_tracking":false,"_monsterinsights_sitenote_active":false,"_monsterinsights_sitenote_note":"","_monsterinsights_sitenote_category":0,"footnotes":""},"categories":[155],"tags":[160],"class_list":["post-6203","post","type-post","status-publish","format-standard","has-post-thumbnail","hentry","category-cultura","tag-160"],"_links":{"self":[{"href":"https:\/\/news.digitaltv.com.ar\/index.php?rest_route=\/wp\/v2\/posts\/6203","targetHints":{"allow":["GET"]}}],"collection":[{"href":"https:\/\/news.digitaltv.com.ar\/index.php?rest_route=\/wp\/v2\/posts"}],"about":[{"href":"https:\/\/news.digitaltv.com.ar\/index.php?rest_route=\/wp\/v2\/types\/post"}],"author":[{"embeddable":true,"href":"https:\/\/news.digitaltv.com.ar\/index.php?rest_route=\/wp\/v2\/users\/1"}],"replies":[{"embeddable":true,"href":"https:\/\/news.digitaltv.com.ar\/index.php?rest_route=%2Fwp%2Fv2%2Fcomments&post=6203"}],"version-history":[{"count":1,"href":"https:\/\/news.digitaltv.com.ar\/index.php?rest_route=\/wp\/v2\/posts\/6203\/revisions"}],"predecessor-version":[{"id":6205,"href":"https:\/\/news.digitaltv.com.ar\/index.php?rest_route=\/wp\/v2\/posts\/6203\/revisions\/6205"}],"wp:featuredmedia":[{"embeddable":true,"href":"https:\/\/news.digitaltv.com.ar\/index.php?rest_route=\/wp\/v2\/media\/6204"}],"wp:attachment":[{"href":"https:\/\/news.digitaltv.com.ar\/index.php?rest_route=%2Fwp%2Fv2%2Fmedia&parent=6203"}],"wp:term":[{"taxonomy":"category","embeddable":true,"href":"https:\/\/news.digitaltv.com.ar\/index.php?rest_route=%2Fwp%2Fv2%2Fcategories&post=6203"},{"taxonomy":"post_tag","embeddable":true,"href":"https:\/\/news.digitaltv.com.ar\/index.php?rest_route=%2Fwp%2Fv2%2Ftags&post=6203"}],"curies":[{"name":"wp","href":"https:\/\/api.w.org\/{rel}","templated":true}]}}