{"id":630,"date":"2022-03-14T08:25:20","date_gmt":"2022-03-14T11:25:20","guid":{"rendered":"https:\/\/wp.digitaltv.com.ar\/?p=630"},"modified":"2022-03-14T08:25:44","modified_gmt":"2022-03-14T11:25:44","slug":"palabras-cruzadas-por-los-arreglos-viales-en-la-ruta-188","status":"publish","type":"post","link":"https:\/\/news.digitaltv.com.ar\/?p=630","title":{"rendered":"Palabras cruzadas por los arreglos viales en la Ruta 188"},"content":{"rendered":"\n<p>El viernes por la ma\u00f1ana un grupo de vecinos se manifestaron en diferentes espacios de la ruta 188, el motivo, mejoras en la calzada.<\/p>\n\n\n\n<p>El \u00faltimo viernes un grupo de vecinos de las localidades de <strong>JJ Pe\u00f1a, Guerrico y Acevedo<\/strong> reclamaron en la vera de la ruta mejoras en la calzada. El intendente respald\u00f3 este reclamo manifestando que el trayecto es utilizado por \u201cfamilias que utilizan la ruta a diario para trabajar\u201d pidiendo principalmente por su seguridad.<\/p>\n\n\n\n<p>Esto no fue bien visto por la oposici\u00f3n local quienes no demoraron en salir a responder y a acusar a Mart\u00ednez de no brindar la informaci\u00f3n correcta \u201cDesde el Bloque de Concejales del Frente de Todos queremos informar que el 21 de Marzo ser\u00e1 la apertura de sobres para la licitaci\u00f3n de la obra mejorativa y de mantenimiento de la Ruta Nacional N\u00ba 188 del tramo comprendido entre Pergamino y San Nicol\u00e1s de los Arroyos\u201d. Resalta para del comunicado.<\/p>\n\n\n\n<p>A su vez informan el monto de la inversi\u00f3n de la obra \u201cser\u00e1 de 245 millones de pesos y se sumar\u00e1 a los m\u00e1s de 680 millones de pesos que el Gobierno Nacional invirti\u00f3 en el reacondicionamiento del tramo de la ruta entre Pergamino y Jun\u00edn (paralizada desde el 2017 con solo un avance del 28%)\u201d.<\/p>\n\n\n\n<p>Haciendo hincapi\u00e9 a meramente una cuesti\u00f3n pol\u00edtica agregan \u201cLamentamos que el Intendente, que ten\u00eda la informaci\u00f3n acerca de la licitaci\u00f3n para el arreglo de la ruta nacional donde se reclam\u00f3, no haya informado acerca de la decisi\u00f3n del Gobierno Nacional en invertir en importante camino que involucra a nuestro Partido.\u201d<\/p>\n\n\n\n<p>Resta esperar que el pr\u00f3ximo 21 haya informaci\u00f3n mas concreta con plazos y la empresa encargada.<\/p>\n","protected":false},"excerpt":{"rendered":"<p>El viernes por la ma\u00f1ana un grupo de vecinos se manifestaron en diferentes espacios de la ruta 188, el motivo, mejoras en la calzada. El \u00faltimo viernes un grupo de vecinos de las localidades de JJ Pe\u00f1a, Guerrico y Acevedo reclamaron en la vera de la ruta mejoras en la calzada. El intendente respald\u00f3 este [&hellip;]<\/p>\n","protected":false},"author":2,"featured_media":631,"comment_status":"open","ping_status":"open","sticky":false,"template":"","format":"standard","meta":{"_monsterinsights_skip_tracking":false,"_monsterinsights_sitenote_active":false,"_monsterinsights_sitenote_note":"","_monsterinsights_sitenote_category":0,"footnotes":""},"categories":[152,6],"tags":[],"class_list":["post-630","post","type-post","status-publish","format-standard","has-post-thumbnail","hentry","category-pergamino","category-politica"],"_links":{"self":[{"href":"https:\/\/news.digitaltv.com.ar\/index.php?rest_route=\/wp\/v2\/posts\/630","targetHints":{"allow":["GET"]}}],"collection":[{"href":"https:\/\/news.digitaltv.com.ar\/index.php?rest_route=\/wp\/v2\/posts"}],"about":[{"href":"https:\/\/news.digitaltv.com.ar\/index.php?rest_route=\/wp\/v2\/types\/post"}],"author":[{"embeddable":true,"href":"https:\/\/news.digitaltv.com.ar\/index.php?rest_route=\/wp\/v2\/users\/2"}],"replies":[{"embeddable":true,"href":"https:\/\/news.digitaltv.com.ar\/index.php?rest_route=%2Fwp%2Fv2%2Fcomments&post=630"}],"version-history":[{"count":1,"href":"https:\/\/news.digitaltv.com.ar\/index.php?rest_route=\/wp\/v2\/posts\/630\/revisions"}],"predecessor-version":[{"id":632,"href":"https:\/\/news.digitaltv.com.ar\/index.php?rest_route=\/wp\/v2\/posts\/630\/revisions\/632"}],"wp:featuredmedia":[{"embeddable":true,"href":"https:\/\/news.digitaltv.com.ar\/index.php?rest_route=\/wp\/v2\/media\/631"}],"wp:attachment":[{"href":"https:\/\/news.digitaltv.com.ar\/index.php?rest_route=%2Fwp%2Fv2%2Fmedia&parent=630"}],"wp:term":[{"taxonomy":"category","embeddable":true,"href":"https:\/\/news.digitaltv.com.ar\/index.php?rest_route=%2Fwp%2Fv2%2Fcategories&post=630"},{"taxonomy":"post_tag","embeddable":true,"href":"https:\/\/news.digitaltv.com.ar\/index.php?rest_route=%2Fwp%2Fv2%2Ftags&post=630"}],"curies":[{"name":"wp","href":"https:\/\/api.w.org\/{rel}","templated":true}]}}