{"id":639,"date":"2022-03-14T11:22:53","date_gmt":"2022-03-14T14:22:53","guid":{"rendered":"https:\/\/wp.digitaltv.com.ar\/?p=639"},"modified":"2022-03-15T18:12:41","modified_gmt":"2022-03-15T21:12:41","slug":"alejandra-otero-son-cuatro-anos-y-medio-que-estoy-con-este-dolor-a-cuestas","status":"publish","type":"post","link":"https:\/\/news.digitaltv.com.ar\/?p=639","title":{"rendered":"Alejandra Otero: \u201cSon cuatro a\u00f1os y medio que estoy con este dolor a cuestas&#8221;"},"content":{"rendered":"\n<p>Comienza el juicio por la muerte de Vito Otero. En el d\u00eda de hoy, y a lo largo de la semana, en la sede de Tribunales, se desarrollar\u00e1n las audiencias por la muerte del joven m\u00fasico que perdiera la vida en un siniestro vial en septiembre de 2017. &nbsp;La causa tiene como \u00fanico imputado a Alejandro Urquiza Rueda.<\/p>\n\n\n\n<p>Alejandra Otero, mam\u00e1 de vito, dialog\u00f3 con el programa \u201cEsto es lo que Hay\u201d, por Data Digital (FM 105.1), sobre sus sensaciones a minutos del inicio del juicio: <em>\u201c<\/em>Son cuatro a\u00f1os y medio que estoy con este dolor a cuestas. <em>Estoy a punto de ir a Tribunales, con la expectativa de siempre. Todo est\u00e1 en el doctor Alejandro Salguero (titular del Juzgado Correccional N\u00famero 2) en ver a estos locos al volante como homicidas viales, que es realmente lo que son. Que sabiendo que al auto si no lo conduc\u00eds de forma responsables es un arma, y por lo tanto que si mat\u00e1s con \u00e9l deb\u00e9s pagar con pena, deb\u00e9s tener condena. As\u00ed lo hizo Urquiza Rueda aquel d\u00eda, ese 9 de septiembre de 2017, iba a velocidad extrema, choc\u00f3 contra Vito produci\u00e9ndole heridas mortales\u201d.<\/em><\/p>\n\n\n\n<p>Seg\u00fan fuentes judiciales, en la primera jornada ser\u00e1 el turno de la declaraci\u00f3n de los testigos; martes y el mi\u00e9rcoles expondr\u00e1n los peritos; el jueves volver\u00e1n a comparecer los testigos, para cerrar el d\u00eda viernes con los alegatos.<\/p>\n\n\n\n<p>Por \u00faltimo, Otero agradeci\u00f3 el apoyo de la sociedad pergaminense con esta causa: <em>\u201cSabemos que es un d\u00eda laboral, pero quien puede llegarse a acompa\u00f1arnos, a empujarnos y darnos las fuerzas que siempre nos dieron en estos cuatro a\u00f1os y medio, estar\u00e9 agradecida\u201d.<\/em><\/p>\n","protected":false},"excerpt":{"rendered":"<p>Comienza el juicio por la muerte de Vito Otero. En el d\u00eda de hoy, y a lo largo de la semana, en la sede de Tribunales, se desarrollar\u00e1n las audiencias por la muerte del joven m\u00fasico que perdiera la vida en un siniestro vial en septiembre de 2017. &nbsp;La causa tiene como \u00fanico imputado a [&hellip;]<\/p>\n","protected":false},"author":3,"featured_media":640,"comment_status":"open","ping_status":"open","sticky":false,"template":"","format":"standard","meta":{"_monsterinsights_skip_tracking":false,"_monsterinsights_sitenote_active":false,"_monsterinsights_sitenote_note":"","_monsterinsights_sitenote_category":0,"footnotes":""},"categories":[152],"tags":[159],"class_list":["post-639","post","type-post","status-publish","format-standard","has-post-thumbnail","hentry","category-pergamino","tag-159"],"_links":{"self":[{"href":"https:\/\/news.digitaltv.com.ar\/index.php?rest_route=\/wp\/v2\/posts\/639","targetHints":{"allow":["GET"]}}],"collection":[{"href":"https:\/\/news.digitaltv.com.ar\/index.php?rest_route=\/wp\/v2\/posts"}],"about":[{"href":"https:\/\/news.digitaltv.com.ar\/index.php?rest_route=\/wp\/v2\/types\/post"}],"author":[{"embeddable":true,"href":"https:\/\/news.digitaltv.com.ar\/index.php?rest_route=\/wp\/v2\/users\/3"}],"replies":[{"embeddable":true,"href":"https:\/\/news.digitaltv.com.ar\/index.php?rest_route=%2Fwp%2Fv2%2Fcomments&post=639"}],"version-history":[{"count":1,"href":"https:\/\/news.digitaltv.com.ar\/index.php?rest_route=\/wp\/v2\/posts\/639\/revisions"}],"predecessor-version":[{"id":641,"href":"https:\/\/news.digitaltv.com.ar\/index.php?rest_route=\/wp\/v2\/posts\/639\/revisions\/641"}],"wp:featuredmedia":[{"embeddable":true,"href":"https:\/\/news.digitaltv.com.ar\/index.php?rest_route=\/wp\/v2\/media\/640"}],"wp:attachment":[{"href":"https:\/\/news.digitaltv.com.ar\/index.php?rest_route=%2Fwp%2Fv2%2Fmedia&parent=639"}],"wp:term":[{"taxonomy":"category","embeddable":true,"href":"https:\/\/news.digitaltv.com.ar\/index.php?rest_route=%2Fwp%2Fv2%2Fcategories&post=639"},{"taxonomy":"post_tag","embeddable":true,"href":"https:\/\/news.digitaltv.com.ar\/index.php?rest_route=%2Fwp%2Fv2%2Ftags&post=639"}],"curies":[{"name":"wp","href":"https:\/\/api.w.org\/{rel}","templated":true}]}}