{"id":642,"date":"2022-03-14T14:33:54","date_gmt":"2022-03-14T17:33:54","guid":{"rendered":"https:\/\/wp.digitaltv.com.ar\/?p=642"},"modified":"2022-03-15T18:10:07","modified_gmt":"2022-03-15T21:10:07","slug":"ruta-nacional-188-tapar-grietas-y-pozos-no-es-la-solucion","status":"publish","type":"post","link":"https:\/\/news.digitaltv.com.ar\/?p=642","title":{"rendered":"Ruta Nacional 188 \u201cTapar grietas y pozos no es la soluci\u00f3n\u201d"},"content":{"rendered":"\n<p>La protesta del \u00faltimo viernes llev\u00f3 a que los concejales del Frente de Todos respondan e informen sobre una futura licitaci\u00f3n, sin embargo para los vecinos es solo maquillaje.<\/p>\n\n\n\n<p>El pr\u00f3ximo 21 de marzo se llevar\u00e1 a cabo una licitaci\u00f3n para el tramo de Pergamino- San Nicol\u00e1s \u201cEste es un problema que sufren todos los que transitan por la ruta 188, en el tramo de Guerrico- Acevedo venimos aguantando mucho, hemos tenido accidentes fatales\u201d inform\u00f3 <strong>Silvina Goizueta, vecina de Guerrico.<\/strong><\/p>\n\n\n\n<p>Si bien la licitaci\u00f3n esta pr\u00f3xima en el tiempo para Silvina esta no ser\u00eda la soluci\u00f3n \u201ceso est\u00e1 destinado para mantenimiento y lo que estamos necesitando no es eso es un trabajo de fondo, sino a los dos o tres meses esta otra vez rota\u201d y por otro lado pidi\u00f3 \u201cgesti\u00f3n por parte de los pol\u00edticos\u201d.<\/p>\n\n\n\n<p>\u201cQue nuestros representante gestionen, nosotros lo hacemos de manera pac\u00edfica y tambi\u00e9n lo estamos haciendo de manera formal a los diferentes actores pol\u00edticos, esto que van a hacer ahora es solo maquillar el problema, tapar grietas y pozos no es la soluci\u00f3n\u201d finaliz\u00f3.<\/p>\n","protected":false},"excerpt":{"rendered":"<p>La protesta del \u00faltimo viernes llev\u00f3 a que los concejales del Frente de Todos respondan e informen sobre una futura licitaci\u00f3n, sin embargo para los vecinos es solo maquillaje. El pr\u00f3ximo 21 de marzo se llevar\u00e1 a cabo una licitaci\u00f3n para el tramo de Pergamino- San Nicol\u00e1s \u201cEste es un problema que sufren todos los [&hellip;]<\/p>\n","protected":false},"author":2,"featured_media":643,"comment_status":"open","ping_status":"open","sticky":false,"template":"","format":"standard","meta":{"_monsterinsights_skip_tracking":false,"_monsterinsights_sitenote_active":false,"_monsterinsights_sitenote_note":"","_monsterinsights_sitenote_category":0,"footnotes":""},"categories":[152],"tags":[159],"class_list":["post-642","post","type-post","status-publish","format-standard","has-post-thumbnail","hentry","category-pergamino","tag-159"],"_links":{"self":[{"href":"https:\/\/news.digitaltv.com.ar\/index.php?rest_route=\/wp\/v2\/posts\/642","targetHints":{"allow":["GET"]}}],"collection":[{"href":"https:\/\/news.digitaltv.com.ar\/index.php?rest_route=\/wp\/v2\/posts"}],"about":[{"href":"https:\/\/news.digitaltv.com.ar\/index.php?rest_route=\/wp\/v2\/types\/post"}],"author":[{"embeddable":true,"href":"https:\/\/news.digitaltv.com.ar\/index.php?rest_route=\/wp\/v2\/users\/2"}],"replies":[{"embeddable":true,"href":"https:\/\/news.digitaltv.com.ar\/index.php?rest_route=%2Fwp%2Fv2%2Fcomments&post=642"}],"version-history":[{"count":1,"href":"https:\/\/news.digitaltv.com.ar\/index.php?rest_route=\/wp\/v2\/posts\/642\/revisions"}],"predecessor-version":[{"id":644,"href":"https:\/\/news.digitaltv.com.ar\/index.php?rest_route=\/wp\/v2\/posts\/642\/revisions\/644"}],"wp:featuredmedia":[{"embeddable":true,"href":"https:\/\/news.digitaltv.com.ar\/index.php?rest_route=\/wp\/v2\/media\/643"}],"wp:attachment":[{"href":"https:\/\/news.digitaltv.com.ar\/index.php?rest_route=%2Fwp%2Fv2%2Fmedia&parent=642"}],"wp:term":[{"taxonomy":"category","embeddable":true,"href":"https:\/\/news.digitaltv.com.ar\/index.php?rest_route=%2Fwp%2Fv2%2Fcategories&post=642"},{"taxonomy":"post_tag","embeddable":true,"href":"https:\/\/news.digitaltv.com.ar\/index.php?rest_route=%2Fwp%2Fv2%2Ftags&post=642"}],"curies":[{"name":"wp","href":"https:\/\/api.w.org\/{rel}","templated":true}]}}