{"id":6428,"date":"2022-11-30T11:22:44","date_gmt":"2022-11-30T14:22:44","guid":{"rendered":"https:\/\/news.digitaltv.com.ar\/?p=6428"},"modified":"2022-11-30T11:23:24","modified_gmt":"2022-11-30T14:23:24","slug":"amamos-el-mate","status":"publish","type":"post","link":"https:\/\/news.digitaltv.com.ar\/?p=6428","title":{"rendered":"Amamos el mate"},"content":{"rendered":"\n<p>El 30 de noviembre celebramos en argentina el D\u00eda Nacional del Mate, en homenaje al nacimiento del caudillo guaran\u00ed Andr\u00e9s Gua\u00e7urar\u00ed, quien fuera el \u00fanico gobernador en la historia argentina de origen ind\u00edgena y gran promotor de la yerba mate.<\/p>\n\n\n\n<p>Popularmente conocido como Andresito, defendi\u00f3 las fronteras del asedio de las tropas portuguesas. Consideraba adem\u00e1s a la yerba mate como un elemento central del aparato productivo y busc\u00f3 centralizar su cultivo y comercializaci\u00f3n en manos de los guaran\u00edes convirti\u00e9ndolo en el caudillo de la regi\u00f3n yerbatera.<\/p>\n\n\n\n<p>Celebremos el mate que nos hace tanto bien y disfrutamos como parte de nuestra identidad, mientras te cuento algunos hitos en la historia de esta maravillosa infusi\u00f3n que tal vez no conoc\u00edas.<\/p>\n\n\n\n<p>Cinco hitos en la historia de la yerba mate en la Argentina:<\/p>\n\n\n\n<p>La yerba mate en nuestro pa\u00eds, desde la \u00e9poca precolombina hasta el siglo XX ha pasado por distintos momentos que vale la pena conocer.<\/p>\n\n\n\n<p>Los guaran\u00edes fueron quienes iniciaron el consumo de yerba mate, recolectando las hojas de las plantas nativas en la selva paranaense. La planta de yerba mate para esta civilizaci\u00f3n era sagrada, un regalo de los dioses.<\/p>\n\n\n\n<p>Los espa\u00f1oles llegados a la regi\u00f3n se hicieron adeptos a la infusi\u00f3n. Pero su consumo desmedido alteraba el humor de los europeos generando conflictos, resultando en la prohibici\u00f3n de su consumo en el a\u00f1o 1616, por considerarla un &#8220;vicio abominable&#8221; que hac\u00eda a los hombres holgazanes.<\/p>\n\n\n\n<p>Al arribar los jesuitas, constataron que la infusi\u00f3n era fuente de muchos beneficios, e iniciaron los primeros cultivos controlados de yerba mate. Hab\u00eda una gran demanda para su consumo y s\u00f3lo las misiones ten\u00edan plantaciones domesticadas, lo que les confiri\u00f3 un gran poder econ\u00f3mico.<\/p>\n\n\n\n<p>Con la expulsi\u00f3n de los jesuitas por el a\u00f1o 1767, los yerbales en manos de los espa\u00f1oles, fueron perdiendo productividad y su restablecimiento se hizo muy dif\u00edcil ya que desconoc\u00edan los m\u00e9todos de producci\u00f3n que hab\u00edan desarrollado los jesuitas.<\/p>\n\n\n\n<p>Reci\u00e9n un siglo m\u00e1s tarde, en 1895 Carlos Tays, reconocido paisajista franco-argentino, desarroll\u00f3 un m\u00e9todo para hacer germinar las semillas de la planta de yerba mate, posibilitando el inicio de la producci\u00f3n industrial y su consumo a gran escala en todo el pa\u00eds.<\/p>\n\n\n\n<p>Fue a partir de este descubrimiento que, iniciado el Siglo XX, el gobierno de la \u00e9poca puso en marcha un programa estatal para iniciar en la provincia de Misiones la industria yerbatera.<\/p>\n\n\n\n<p>Ser\u00e1 por la incondicionalidad que los argentinos sentimos en nuestra relaci\u00f3n con el mate que pocas veces nos hacemos preguntas sobre \u00e9l. Disfrutamos de esta infusi\u00f3n en familia, con amigos o en soledad. Nos acompa\u00f1a durante todo el a\u00f1o, durante todo el d\u00eda y sentimos que algo nos falta si no tomamos unos mates que nos recargue de energ\u00eda.<\/p>\n\n\n\n<p>Conocer m\u00e1s acerca de nuestra infusi\u00f3n nacional invita a valorarla y disfrutarla en todos sus aspectos.<\/p>\n","protected":false},"excerpt":{"rendered":"<p>El 30 de noviembre celebramos en argentina el D\u00eda Nacional del Mate, en homenaje al nacimiento del caudillo guaran\u00ed Andr\u00e9s Gua\u00e7urar\u00ed, quien fuera el \u00fanico gobernador en la historia argentina de origen ind\u00edgena y gran promotor de la yerba mate. Popularmente conocido como Andresito, defendi\u00f3 las fronteras del asedio de las tropas portuguesas. Consideraba adem\u00e1s [&hellip;]<\/p>\n","protected":false},"author":1,"featured_media":6429,"comment_status":"open","ping_status":"open","sticky":false,"template":"","format":"standard","meta":{"_monsterinsights_skip_tracking":false,"_monsterinsights_sitenote_active":false,"_monsterinsights_sitenote_note":"","_monsterinsights_sitenote_category":0,"footnotes":""},"categories":[155],"tags":[158],"class_list":["post-6428","post","type-post","status-publish","format-standard","has-post-thumbnail","hentry","category-cultura","tag-158"],"_links":{"self":[{"href":"https:\/\/news.digitaltv.com.ar\/index.php?rest_route=\/wp\/v2\/posts\/6428","targetHints":{"allow":["GET"]}}],"collection":[{"href":"https:\/\/news.digitaltv.com.ar\/index.php?rest_route=\/wp\/v2\/posts"}],"about":[{"href":"https:\/\/news.digitaltv.com.ar\/index.php?rest_route=\/wp\/v2\/types\/post"}],"author":[{"embeddable":true,"href":"https:\/\/news.digitaltv.com.ar\/index.php?rest_route=\/wp\/v2\/users\/1"}],"replies":[{"embeddable":true,"href":"https:\/\/news.digitaltv.com.ar\/index.php?rest_route=%2Fwp%2Fv2%2Fcomments&post=6428"}],"version-history":[{"count":1,"href":"https:\/\/news.digitaltv.com.ar\/index.php?rest_route=\/wp\/v2\/posts\/6428\/revisions"}],"predecessor-version":[{"id":6430,"href":"https:\/\/news.digitaltv.com.ar\/index.php?rest_route=\/wp\/v2\/posts\/6428\/revisions\/6430"}],"wp:featuredmedia":[{"embeddable":true,"href":"https:\/\/news.digitaltv.com.ar\/index.php?rest_route=\/wp\/v2\/media\/6429"}],"wp:attachment":[{"href":"https:\/\/news.digitaltv.com.ar\/index.php?rest_route=%2Fwp%2Fv2%2Fmedia&parent=6428"}],"wp:term":[{"taxonomy":"category","embeddable":true,"href":"https:\/\/news.digitaltv.com.ar\/index.php?rest_route=%2Fwp%2Fv2%2Fcategories&post=6428"},{"taxonomy":"post_tag","embeddable":true,"href":"https:\/\/news.digitaltv.com.ar\/index.php?rest_route=%2Fwp%2Fv2%2Ftags&post=6428"}],"curies":[{"name":"wp","href":"https:\/\/api.w.org\/{rel}","templated":true}]}}