{"id":648,"date":"2022-03-15T08:42:15","date_gmt":"2022-03-15T11:42:15","guid":{"rendered":"https:\/\/wp.digitaltv.com.ar\/?p=648"},"modified":"2022-03-15T18:09:00","modified_gmt":"2022-03-15T21:09:00","slug":"romina-del-pla-nos-llevan-al-camino-de-un-plan-de-ajuste-muy-brutal-que-va-a-fracasar","status":"publish","type":"post","link":"https:\/\/news.digitaltv.com.ar\/?p=648","title":{"rendered":"Romina del Pla \u201cnos llevan al camino de un plan de ajuste muy brutal que va a fracasar\u201d"},"content":{"rendered":"\n<p>La diputada del Frente de Izquierda dialog\u00f3 por FM 105.11 sobre la \u00faltima sesi\u00f3n de la c\u00e1mara de diputados, la aprobaci\u00f3n al pago del FMI y los disturbios en la calle estuvieron dentro de los temas.<\/p>\n\n\n\n<p>La diputada del Frente de Izquierda, Romina del Pla dialogo en Toma Mate sobre la sesi\u00f3n en la que diputados aprobaron el pago al Fondo Monetario Internacional &#8220;nosotros hemos rechazado ampliamente el pago de esta deuda, el conjunto de la deuda debe ser rechazada, se ha visto con mucha claridad que la deuda p\u00fablica argentina tiene un car\u00e1cter fraudulento&#8221;.<\/p>\n\n\n\n<p>Fiel a su car\u00e1cter dej\u00f3 claro su postura \u201cac\u00e1 hay un paquetazo de ajuste que no se puede separar de la deuda, nosotros hemos sido muy claro, hay una alternativa que es el desconocimiento soberano de la deuda, nos llevan al camino de un plan de ajuste muy brutal que va a fracasar\u201d.<\/p>\n\n\n\n<p>A su vez la diputada desvinculo por completo a la gente de la izquierda los inconvenientes que se vieron en la vereda del congreso \u201cLa gente no era del partido obrero, nadie los pudo identificar, mientras pasaba eso nosotros segu\u00edamos manifest\u00e1ndonos\u201d.<\/p>\n\n\n\n<p>Con la aprobaci\u00f3n de la c\u00e1mara de diputados, ser\u00e1n los senadores quienes ahora tendr\u00e1n la responsabilidad de ver efectivamente si sale o no, el pago y sus formar al FMI.<\/p>\n","protected":false},"excerpt":{"rendered":"<p>La diputada del Frente de Izquierda dialog\u00f3 por FM 105.11 sobre la \u00faltima sesi\u00f3n de la c\u00e1mara de diputados, la aprobaci\u00f3n al pago del FMI y los disturbios en la calle estuvieron dentro de los temas. La diputada del Frente de Izquierda, Romina del Pla dialogo en Toma Mate sobre la sesi\u00f3n en la que [&hellip;]<\/p>\n","protected":false},"author":2,"featured_media":650,"comment_status":"open","ping_status":"open","sticky":false,"template":"","format":"standard","meta":{"_monsterinsights_skip_tracking":false,"_monsterinsights_sitenote_active":false,"_monsterinsights_sitenote_note":"","_monsterinsights_sitenote_category":0,"footnotes":""},"categories":[150,6],"tags":[159],"class_list":["post-648","post","type-post","status-publish","format-standard","has-post-thumbnail","hentry","category-actualidad","category-politica","tag-159"],"_links":{"self":[{"href":"https:\/\/news.digitaltv.com.ar\/index.php?rest_route=\/wp\/v2\/posts\/648","targetHints":{"allow":["GET"]}}],"collection":[{"href":"https:\/\/news.digitaltv.com.ar\/index.php?rest_route=\/wp\/v2\/posts"}],"about":[{"href":"https:\/\/news.digitaltv.com.ar\/index.php?rest_route=\/wp\/v2\/types\/post"}],"author":[{"embeddable":true,"href":"https:\/\/news.digitaltv.com.ar\/index.php?rest_route=\/wp\/v2\/users\/2"}],"replies":[{"embeddable":true,"href":"https:\/\/news.digitaltv.com.ar\/index.php?rest_route=%2Fwp%2Fv2%2Fcomments&post=648"}],"version-history":[{"count":1,"href":"https:\/\/news.digitaltv.com.ar\/index.php?rest_route=\/wp\/v2\/posts\/648\/revisions"}],"predecessor-version":[{"id":651,"href":"https:\/\/news.digitaltv.com.ar\/index.php?rest_route=\/wp\/v2\/posts\/648\/revisions\/651"}],"wp:featuredmedia":[{"embeddable":true,"href":"https:\/\/news.digitaltv.com.ar\/index.php?rest_route=\/wp\/v2\/media\/650"}],"wp:attachment":[{"href":"https:\/\/news.digitaltv.com.ar\/index.php?rest_route=%2Fwp%2Fv2%2Fmedia&parent=648"}],"wp:term":[{"taxonomy":"category","embeddable":true,"href":"https:\/\/news.digitaltv.com.ar\/index.php?rest_route=%2Fwp%2Fv2%2Fcategories&post=648"},{"taxonomy":"post_tag","embeddable":true,"href":"https:\/\/news.digitaltv.com.ar\/index.php?rest_route=%2Fwp%2Fv2%2Ftags&post=648"}],"curies":[{"name":"wp","href":"https:\/\/api.w.org\/{rel}","templated":true}]}}