{"id":664,"date":"2022-03-15T14:25:43","date_gmt":"2022-03-15T17:25:43","guid":{"rendered":"https:\/\/wp.digitaltv.com.ar\/?p=664"},"modified":"2022-03-20T12:19:37","modified_gmt":"2022-03-20T15:19:37","slug":"adriana-otero-el-test-de-vito-de-alcoholemia-y-el-toxicologico-dieron-negativo","status":"publish","type":"post","link":"https:\/\/news.digitaltv.com.ar\/?p=664","title":{"rendered":"Adriana Otero \u201cEl test de Vito de Alcoholemia y el toxicol\u00f3gico dieron negativo\u201d"},"content":{"rendered":"\n<p>En la segunda jornada del juicio por la muerte de Vito Otero pasaron tres testigos que dejaron sentado que Alejandro Urquiza Rueda estaba alcoholizado en el momento del hecho.<\/p>\n\n\n\n<p>El juicio que se llevar\u00e1 a cabo durante toda la semana lleva dos d\u00edas de testimonios y la defensa buscara llegar a la inocencia \u201cel procedimiento judicial que alude la defensa nosotros lo denunciamos desde el primer momento, lo sabemos y qued\u00f3 plasmado\u201d comenz\u00f3 Adriana Otero, t\u00eda de Vito.<\/p>\n\n\n\n<p>Uno de los problemas del caso es la falta del test de alcoholemia de Urquiza Rueda, no se hizo en el hospital y cuando fue buscado estuvo pr\u00f3fugo durante varios d\u00edas \u201cel padre de Alejandro Urquiza Rueda atiende el tel\u00e9fono de \u00e9l cuando lo buscaban para hacerle el examen de alcoholemia, ya sab\u00edan que faltaba eso, cuando lo fueron a buscar el seguridad de \u00c1gora dijo que hab\u00edan salido&#8221; y seg\u00fan la informaci\u00f3n que recabaron \u201cel padre le dijo al seguridad que si preguntaban dijera que hab\u00edan ido al hospital\u201d lugar a donde nunca llegaron.<\/p>\n\n\n\n<p>Descartando una de las versiones surgidas el lunes Adriana aclar\u00f3 \u201cel test de alcoholemia y toxicol\u00f3gica de vito dieron 0, negativo, los tres testigos que pasaron este martes dijeron que Urquiza rueda estaba borracho\u201d. \u201cNosotros estamos fuertes porque tenemos la verdad\u201d.<\/p>\n\n\n\n<blockquote class=\"wp-block-quote is-layout-flow wp-block-quote-is-layout-flow\"><p>\u201cEl test de alcoholemia y toxicol\u00f3gica de vito dieron 0, negativo, los tres testigos que pasaron este martes dijeron que Urquiza rueda estaba borracho\u201d. \u201cNosotros estamos fuertes porque tenemos la verdad\u201d<\/p><cite>Adriana Otero, t\u00eda de Vito Otero.<\/cite><\/blockquote>\n\n\n\n<p><\/p>\n","protected":false},"excerpt":{"rendered":"<p>En la segunda jornada del juicio por la muerte de Vito Otero pasaron tres testigos que dejaron sentado que Alejandro Urquiza Rueda estaba alcoholizado en el momento del hecho. El juicio que se llevar\u00e1 a cabo durante toda la semana lleva dos d\u00edas de testimonios y la defensa buscara llegar a la inocencia \u201cel procedimiento [&hellip;]<\/p>\n","protected":false},"author":2,"featured_media":665,"comment_status":"open","ping_status":"open","sticky":false,"template":"","format":"standard","meta":{"_monsterinsights_skip_tracking":false,"_monsterinsights_sitenote_active":false,"_monsterinsights_sitenote_note":"","_monsterinsights_sitenote_category":0,"footnotes":""},"categories":[152],"tags":[159],"class_list":["post-664","post","type-post","status-publish","format-standard","has-post-thumbnail","hentry","category-pergamino","tag-159"],"_links":{"self":[{"href":"https:\/\/news.digitaltv.com.ar\/index.php?rest_route=\/wp\/v2\/posts\/664","targetHints":{"allow":["GET"]}}],"collection":[{"href":"https:\/\/news.digitaltv.com.ar\/index.php?rest_route=\/wp\/v2\/posts"}],"about":[{"href":"https:\/\/news.digitaltv.com.ar\/index.php?rest_route=\/wp\/v2\/types\/post"}],"author":[{"embeddable":true,"href":"https:\/\/news.digitaltv.com.ar\/index.php?rest_route=\/wp\/v2\/users\/2"}],"replies":[{"embeddable":true,"href":"https:\/\/news.digitaltv.com.ar\/index.php?rest_route=%2Fwp%2Fv2%2Fcomments&post=664"}],"version-history":[{"count":4,"href":"https:\/\/news.digitaltv.com.ar\/index.php?rest_route=\/wp\/v2\/posts\/664\/revisions"}],"predecessor-version":[{"id":692,"href":"https:\/\/news.digitaltv.com.ar\/index.php?rest_route=\/wp\/v2\/posts\/664\/revisions\/692"}],"wp:featuredmedia":[{"embeddable":true,"href":"https:\/\/news.digitaltv.com.ar\/index.php?rest_route=\/wp\/v2\/media\/665"}],"wp:attachment":[{"href":"https:\/\/news.digitaltv.com.ar\/index.php?rest_route=%2Fwp%2Fv2%2Fmedia&parent=664"}],"wp:term":[{"taxonomy":"category","embeddable":true,"href":"https:\/\/news.digitaltv.com.ar\/index.php?rest_route=%2Fwp%2Fv2%2Fcategories&post=664"},{"taxonomy":"post_tag","embeddable":true,"href":"https:\/\/news.digitaltv.com.ar\/index.php?rest_route=%2Fwp%2Fv2%2Ftags&post=664"}],"curies":[{"name":"wp","href":"https:\/\/api.w.org\/{rel}","templated":true}]}}