{"id":671,"date":"2022-03-16T08:27:25","date_gmt":"2022-03-16T11:27:25","guid":{"rendered":"https:\/\/wp.digitaltv.com.ar\/?p=671"},"modified":"2022-03-16T12:19:24","modified_gmt":"2022-03-16T15:19:24","slug":"la-nueva-perla-tendra-la-concesion-del-servicio-por-80-meses-mas","status":"publish","type":"post","link":"https:\/\/news.digitaltv.com.ar\/?p=671","title":{"rendered":"La nueva Perla tendr\u00e1 la concesi\u00f3n del servicio por 80 meses mas"},"content":{"rendered":"\n<p>El concejo deliberante aprob\u00f3 por mayor\u00eda la concesi\u00f3n por 80 meses m\u00e1s a la Nueva Perla el servicio de transporte p\u00fablico.<\/p>\n\n\n\n<p>Con dos despachos, uno de minor\u00eda de la oposici\u00f3n y uno de mayoria por parte del oficialismo, sali\u00f3 aprobado la extensi\u00f3n por 80 meses m\u00e1s del servicio de La Nueva Perla \u201centendimos que hab\u00eda una necesidad de mantener a Pergamino con la posibilidad de continuar con un servicio de transporte, es una actividad esencial, se realizaron algunos planteos con la empresa, la comisi\u00f3n y el ejecutivo\u201d detall\u00f3 Francisco Illia, concejal de Juntos y presidente de la comisi\u00f3n de transporte.<\/p>\n\n\n\n<p>Siempre pol\u00e9mico, el servicio deber\u00e1 ampliar sus recorridos, renovar unidades y mejorar frecuencias \u201cson 40 meses con la renovaci\u00f3n autom\u00e1tica de 40 mas, sab\u00edamos que con los primeros meses no iban a poder acceder a los cr\u00e9ditos para la renovaci\u00f3n\u201d agreg\u00f3 el edil.<\/p>\n\n\n\n<p>Por otro lado inform\u00f3 que las primeras dos unidades nuevas llegaran \u201ca fin de a\u00f1o, dos m\u00e1s a principios del 2023 y las ultimas para fin de ese a\u00f1o\u201d despu\u00e9s de un a\u00f1o dif\u00edcil con deudas de sueldos y subsidios municipales habr\u00e1 que ver como se desarrollar\u00e1 el servicio con este nuevo inicio.<\/p>\n","protected":false},"excerpt":{"rendered":"<p>El concejo deliberante aprob\u00f3 por mayor\u00eda la concesi\u00f3n por 80 meses m\u00e1s a la Nueva Perla el servicio de transporte p\u00fablico. Con dos despachos, uno de minor\u00eda de la oposici\u00f3n y uno de mayoria por parte del oficialismo, sali\u00f3 aprobado la extensi\u00f3n por 80 meses m\u00e1s del servicio de La Nueva Perla \u201centendimos que hab\u00eda [&hellip;]<\/p>\n","protected":false},"author":2,"featured_media":672,"comment_status":"open","ping_status":"open","sticky":false,"template":"","format":"standard","meta":{"_monsterinsights_skip_tracking":false,"_monsterinsights_sitenote_active":false,"_monsterinsights_sitenote_note":"","_monsterinsights_sitenote_category":0,"footnotes":""},"categories":[152],"tags":[159],"class_list":["post-671","post","type-post","status-publish","format-standard","has-post-thumbnail","hentry","category-pergamino","tag-159"],"_links":{"self":[{"href":"https:\/\/news.digitaltv.com.ar\/index.php?rest_route=\/wp\/v2\/posts\/671","targetHints":{"allow":["GET"]}}],"collection":[{"href":"https:\/\/news.digitaltv.com.ar\/index.php?rest_route=\/wp\/v2\/posts"}],"about":[{"href":"https:\/\/news.digitaltv.com.ar\/index.php?rest_route=\/wp\/v2\/types\/post"}],"author":[{"embeddable":true,"href":"https:\/\/news.digitaltv.com.ar\/index.php?rest_route=\/wp\/v2\/users\/2"}],"replies":[{"embeddable":true,"href":"https:\/\/news.digitaltv.com.ar\/index.php?rest_route=%2Fwp%2Fv2%2Fcomments&post=671"}],"version-history":[{"count":1,"href":"https:\/\/news.digitaltv.com.ar\/index.php?rest_route=\/wp\/v2\/posts\/671\/revisions"}],"predecessor-version":[{"id":673,"href":"https:\/\/news.digitaltv.com.ar\/index.php?rest_route=\/wp\/v2\/posts\/671\/revisions\/673"}],"wp:featuredmedia":[{"embeddable":true,"href":"https:\/\/news.digitaltv.com.ar\/index.php?rest_route=\/wp\/v2\/media\/672"}],"wp:attachment":[{"href":"https:\/\/news.digitaltv.com.ar\/index.php?rest_route=%2Fwp%2Fv2%2Fmedia&parent=671"}],"wp:term":[{"taxonomy":"category","embeddable":true,"href":"https:\/\/news.digitaltv.com.ar\/index.php?rest_route=%2Fwp%2Fv2%2Fcategories&post=671"},{"taxonomy":"post_tag","embeddable":true,"href":"https:\/\/news.digitaltv.com.ar\/index.php?rest_route=%2Fwp%2Fv2%2Ftags&post=671"}],"curies":[{"name":"wp","href":"https:\/\/api.w.org\/{rel}","templated":true}]}}