{"id":6821,"date":"2022-12-27T09:23:46","date_gmt":"2022-12-27T12:23:46","guid":{"rendered":"https:\/\/news.digitaltv.com.ar\/?p=6821"},"modified":"2022-12-28T09:13:16","modified_gmt":"2022-12-28T12:13:16","slug":"un-pais-mejor-para-todos-sin-pobreza-y-con-mayor-integracion","status":"publish","type":"post","link":"https:\/\/news.digitaltv.com.ar\/?p=6821","title":{"rendered":"&#8220;UN PA\u00cdS MEJOR PARA TODOS, SIN POBREZA Y CON MAYOR INTEGRACI\u00d3N&#8221;"},"content":{"rendered":"\n<p>Ese fue uno de los deseos del intendente de Pergamino Javier Mart\u00ednez que expres\u00f3 durante el brindis de fin de a\u00f1o que se llev\u00f3 a cabo este mediod\u00eda en el Palacio Municipal, donde tambi\u00e9n se realiz\u00f3 un reconocimiento a agentes que cumplieron 25 y 30 a\u00f1os de trayectoria y a quienes ingresan en la etapa jubilatoria.<\/p>\n\n\n\n<blockquote class=\"wp-block-quote is-layout-flow wp-block-quote-is-layout-flow\"><p>En horas previas, Mart\u00ednez se acerc\u00f3, tal como lo indica la tradici\u00f3n, al Corral\u00f3n Municipal a brindar con los agentes que all\u00ed desempe\u00f1an su labor. \u201cQuiero agradecerles porque todos ustedes tienen un rol fundamental en la ciudad. Sigamos trabajando en este gran equipo. Venimos de ver c\u00f3mo funciona un gran equipo con nuestra Selecci\u00f3n y nosotros en la Municipalidad tenemos eso, el compromiso, las ganas, la capacidad\u201d, indic\u00f3 el Intendente.<\/p><\/blockquote>\n\n\n\n<p><br>A continuaci\u00f3n, y ante la presencia de funcionarios del Ejecutivo, concejales y agentes municipales, Mart\u00ednez expres\u00f3: \u201c<em><strong>Deseo un pa\u00eds mejor para todos, sin pobreza y con mayor integraci\u00f3n. Sin grietas y con mucho consenso. Que en el nuevo a\u00f1o se cumplan los deseos de paz y uni\u00f3n. \u00a1Felices fiestas!\u201d<\/strong><\/em><\/p>\n\n\n\n<p><strong>Reconocimiento a agentes municipales<\/strong><\/p>\n\n\n\n<p>A continuaci\u00f3n, el listado de agentes que fueron reconocidos por haber cumplido 25 y 30 a\u00f1os de servicio en la Municipalidad de Pergamino: Pinal Villanueva Beatriz Aurora; Segovia Celia; Calcagno Germ\u00e1n Cesar; L\u00f3pez Mar\u00eda Jos\u00e9; Pe\u00f1alba Gustavo Fernando; Santinelli Mar\u00eda Eugenia; Tommasi M\u00f3nica Ofelia; Aranibe Guillermo Mart\u00edn; D\u00e1valo Patricia; Carrera Gustavo; Paganini Gabriela.<\/p>\n\n\n\n<p>A continuaci\u00f3n, el listado de agentes que inician el proceso de jubilaci\u00f3n: Rosello Juan Carlos; Aranibe Eduardo Rub\u00e9n; Acevedo Feliciano; Salauati Dar\u00edo Fernando; Turdo Rub\u00e9n Armando; Falcinelli Mercedes; Pizano Miguel \u00c1ngel; Torrilla Sergio Humberto; Parra Walter Horacio; Moreyra Santiago Oscar; Juan Sergio Alfredo; Ovejero Manuel Alberto; Nime Zulma Noem\u00ed; Islaiman Jorgelina Marcia; Conti Gerardo Marcelo; Mart\u00ednez Norma Susana; De Mayo Sergio; Gulias Rub\u00e9n Manuel; Giubergia Mar\u00eda Elena; Gonz\u00e1lez Taborda Carlos Gabriel; Bruno Horacio; Italo Rold\u00e1n; Mu\u00f1oz Gustavo Rogelio; Arango Laura; Spossato Sergio; Nemi Graciela; Ghio Mariela; Moises Fabiana.<\/p>\n","protected":false},"excerpt":{"rendered":"<p>Ese fue uno de los deseos del intendente de Pergamino Javier Mart\u00ednez que expres\u00f3 durante el brindis de fin de a\u00f1o que se llev\u00f3 a cabo este mediod\u00eda en el Palacio Municipal, donde tambi\u00e9n se realiz\u00f3 un reconocimiento a agentes que cumplieron 25 y 30 a\u00f1os de trayectoria y a quienes ingresan en la etapa [&hellip;]<\/p>\n","protected":false},"author":1,"featured_media":6822,"comment_status":"open","ping_status":"open","sticky":false,"template":"","format":"standard","meta":{"_monsterinsights_skip_tracking":false,"_monsterinsights_sitenote_active":false,"_monsterinsights_sitenote_note":"","_monsterinsights_sitenote_category":0,"footnotes":""},"categories":[152],"tags":[160],"class_list":["post-6821","post","type-post","status-publish","format-standard","has-post-thumbnail","hentry","category-pergamino","tag-160"],"_links":{"self":[{"href":"https:\/\/news.digitaltv.com.ar\/index.php?rest_route=\/wp\/v2\/posts\/6821","targetHints":{"allow":["GET"]}}],"collection":[{"href":"https:\/\/news.digitaltv.com.ar\/index.php?rest_route=\/wp\/v2\/posts"}],"about":[{"href":"https:\/\/news.digitaltv.com.ar\/index.php?rest_route=\/wp\/v2\/types\/post"}],"author":[{"embeddable":true,"href":"https:\/\/news.digitaltv.com.ar\/index.php?rest_route=\/wp\/v2\/users\/1"}],"replies":[{"embeddable":true,"href":"https:\/\/news.digitaltv.com.ar\/index.php?rest_route=%2Fwp%2Fv2%2Fcomments&post=6821"}],"version-history":[{"count":1,"href":"https:\/\/news.digitaltv.com.ar\/index.php?rest_route=\/wp\/v2\/posts\/6821\/revisions"}],"predecessor-version":[{"id":6823,"href":"https:\/\/news.digitaltv.com.ar\/index.php?rest_route=\/wp\/v2\/posts\/6821\/revisions\/6823"}],"wp:featuredmedia":[{"embeddable":true,"href":"https:\/\/news.digitaltv.com.ar\/index.php?rest_route=\/wp\/v2\/media\/6822"}],"wp:attachment":[{"href":"https:\/\/news.digitaltv.com.ar\/index.php?rest_route=%2Fwp%2Fv2%2Fmedia&parent=6821"}],"wp:term":[{"taxonomy":"category","embeddable":true,"href":"https:\/\/news.digitaltv.com.ar\/index.php?rest_route=%2Fwp%2Fv2%2Fcategories&post=6821"},{"taxonomy":"post_tag","embeddable":true,"href":"https:\/\/news.digitaltv.com.ar\/index.php?rest_route=%2Fwp%2Fv2%2Ftags&post=6821"}],"curies":[{"name":"wp","href":"https:\/\/api.w.org\/{rel}","templated":true}]}}