{"id":6848,"date":"2022-12-28T10:36:15","date_gmt":"2022-12-28T13:36:15","guid":{"rendered":"https:\/\/news.digitaltv.com.ar\/?p=6848"},"modified":"2022-12-29T11:21:31","modified_gmt":"2022-12-29T14:21:31","slug":"cristina-fernandez-llamo-a-marchar-el-24-de-marzo-por-una-democracia-sin-mafias","status":"publish","type":"post","link":"https:\/\/news.digitaltv.com.ar\/?p=6848","title":{"rendered":"CRISTINA FERN\u00c1NDEZ LLAM\u00d3 A MARCHAR EL 24 DE MARZO POR UNA &#8220;DEMOCRACIA SIN MAFIAS&#8221;"},"content":{"rendered":"\n<p>La vicepresidenta Cristina Fern\u00e1ndez de Kirchner llam\u00f3 hoy a marcha el pr\u00f3ximo 24 de marzo &#8220;bajo una consigna: Argentina y democracia sin mafias&#8221;, porque &#8220;nos lo merecemos&#8221;.<\/p>\n\n\n\n<p>&#8220;Que a 40 a\u00f1os de la recuperaci\u00f3n de aquella democracia veamos a esa democracia con un Estado paralelo, capturada por las mafias, no es justo para los que sufrieron las consecuencias de la dictadura ni para los millones de argentinos que siguen apostando a que la democracia es la mejor manera de vivir entre nosotros. Por eso creo que el a\u00f1o que viene, el 24 de marzo va a ser una fecha importante para que nos movilicemos bajo una consigna: Argentina y democracia sin mafias. Los argentinos nos lo merecemos&#8221;, concluy\u00f3 la Vicepresidenta en el acto de inauguraci\u00f3n de un complejo deportivo en el partido bonaerense de Avellaneda.<\/p>\n","protected":false},"excerpt":{"rendered":"<p>La vicepresidenta Cristina Fern\u00e1ndez de Kirchner llam\u00f3 hoy a marcha el pr\u00f3ximo 24 de marzo &#8220;bajo una consigna: Argentina y democracia sin mafias&#8221;, porque &#8220;nos lo merecemos&#8221;. &#8220;Que a 40 a\u00f1os de la recuperaci\u00f3n de aquella democracia veamos a esa democracia con un Estado paralelo, capturada por las mafias, no es justo para los que [&hellip;]<\/p>\n","protected":false},"author":1,"featured_media":6079,"comment_status":"open","ping_status":"open","sticky":false,"template":"","format":"standard","meta":{"_monsterinsights_skip_tracking":false,"_monsterinsights_sitenote_active":false,"_monsterinsights_sitenote_note":"","_monsterinsights_sitenote_category":0,"footnotes":""},"categories":[150],"tags":[160],"class_list":["post-6848","post","type-post","status-publish","format-standard","has-post-thumbnail","hentry","category-actualidad","tag-160"],"_links":{"self":[{"href":"https:\/\/news.digitaltv.com.ar\/index.php?rest_route=\/wp\/v2\/posts\/6848","targetHints":{"allow":["GET"]}}],"collection":[{"href":"https:\/\/news.digitaltv.com.ar\/index.php?rest_route=\/wp\/v2\/posts"}],"about":[{"href":"https:\/\/news.digitaltv.com.ar\/index.php?rest_route=\/wp\/v2\/types\/post"}],"author":[{"embeddable":true,"href":"https:\/\/news.digitaltv.com.ar\/index.php?rest_route=\/wp\/v2\/users\/1"}],"replies":[{"embeddable":true,"href":"https:\/\/news.digitaltv.com.ar\/index.php?rest_route=%2Fwp%2Fv2%2Fcomments&post=6848"}],"version-history":[{"count":1,"href":"https:\/\/news.digitaltv.com.ar\/index.php?rest_route=\/wp\/v2\/posts\/6848\/revisions"}],"predecessor-version":[{"id":6849,"href":"https:\/\/news.digitaltv.com.ar\/index.php?rest_route=\/wp\/v2\/posts\/6848\/revisions\/6849"}],"wp:featuredmedia":[{"embeddable":true,"href":"https:\/\/news.digitaltv.com.ar\/index.php?rest_route=\/wp\/v2\/media\/6079"}],"wp:attachment":[{"href":"https:\/\/news.digitaltv.com.ar\/index.php?rest_route=%2Fwp%2Fv2%2Fmedia&parent=6848"}],"wp:term":[{"taxonomy":"category","embeddable":true,"href":"https:\/\/news.digitaltv.com.ar\/index.php?rest_route=%2Fwp%2Fv2%2Fcategories&post=6848"},{"taxonomy":"post_tag","embeddable":true,"href":"https:\/\/news.digitaltv.com.ar\/index.php?rest_route=%2Fwp%2Fv2%2Ftags&post=6848"}],"curies":[{"name":"wp","href":"https:\/\/api.w.org\/{rel}","templated":true}]}}