{"id":6982,"date":"2023-01-08T09:52:52","date_gmt":"2023-01-08T12:52:52","guid":{"rendered":"https:\/\/news.digitaltv.com.ar\/?p=6982"},"modified":"2023-01-10T10:49:44","modified_gmt":"2023-01-10T13:49:44","slug":"de-punta-lara-a-punta-indio-nueve-playas-para-disfrutar-el-rio-de-la-plata-en-verano","status":"publish","type":"post","link":"https:\/\/news.digitaltv.com.ar\/?p=6982","title":{"rendered":"DE PUNTA LARA A PUNTA INDIO, NUEVE PLAYAS PARA DISFRUTAR EL R\u00cdO DE LA PLATA EN VERANO"},"content":{"rendered":"\n<p>Recostados sobre el R\u00edo de la Plata, los distritos de Ensenada, Berisso, Magdalena y Punta Indio ofrecen la posibilidad de disfrutar del sol, la playa y el agua, con un paquete alternativo que incluye naturaleza, propuestas culturales y actividades deportivas a pocos kil\u00f3metros de la ciudad de Buenos Aires.<\/p>\n\n\n\n<p>Por su proximidad con CABA y con la ciudad de La Plata, quiz\u00e1 el balneario m\u00e1s conocido es Punta Lara, en el partido de Ensenada, que a lo largo de sus 14 kil\u00f3metros de Parque Costero recibe cada fin de semana de temporada entre 100 mil y 120 mil turistas provenientes del Gran Buenos Aires.<\/p>\n\n\n\n<p>La poca presencia de entidades privadas posibilita una costa abierta, libre y de acceso gratuito con bancos, mesas, fogones, ba\u00f1os p\u00fablicos y servicio de guardavidas para que el turista pueda disfrutar de la costa sin necesidad de pagar un camping.<\/p>\n\n\n\n<p>&#8220;La temporada se recibe con un paquete de obras que transform\u00f3 bastante la zona costera&#8221;, indic\u00f3 a T\u00e9lam Agust\u00edn Duscovich, vocero del municipio, quien detall\u00f3 que antes de inaugurar el periodo de verano se finalizaron las obras de ensanche, hormigoneo e iluminaci\u00f3n del camino costero, y se construyeron nuevos ba\u00f1os y el tablestacado, &#8220;que ayuda a evitar la erosi\u00f3n que provoca el avance del rio sobre la localidad y ayudar a promover y desarrollar el turismo en la zona&#8221;.<\/p>\n\n\n\n<p>Adem\u00e1s de la posibilidad de poder practicar una amplia variedad de deportes acu\u00e1ticos, en Punta Lara se puede disfrutar de la Reserva Natural localizada en el paraje Boca Cerrada, sobre el Camino Almirante Brown; el Palacio Piria, un edificio de principios del siglo XX, declarado el 1947 Monumento de Inter\u00e9s Hist\u00f3rico Provincial, ubicado en camino Almirante Brown entre 26 y 40; y el Mirador N\u00e9stor Kirchner, donde los s\u00e1bados y domingo, a partir de las 17, los turistas pueden disfrutar de espect\u00e1culos musicales y teatrales.<\/p>\n\n\n\n<p>Berisso, conocida por ser la Capital Provincial del Inmigrante, tiene 22 kil\u00f3metros de costa y cuatro balnearios habilitados para recibir turistas: Palo Blanco, La Balandra, Playa Municipal, y la Isla Paulino, lugares en los que se mezclan los paisajes agrestes y la frondosa vegetaci\u00f3n con la tranquilidad del agua.<\/p>\n\n\n\n<p>La Isla Paulino es el \u00fanico balneario que cuenta con zona para acampe; al resto de las playas se puede acceder entre las 7 y las 19 horas y disfrutar del d\u00eda con acceso a los distintos servicios que ofrece el municipio: ba\u00f1os p\u00fablicos, seguridad y asistencia m\u00e9dica.<\/p>\n\n\n\n<p>Para llegar a la isla hay que acercarse al Embarcadero, ubicado en Avenida G\u00e9nova y Avenida Montevideo, y tomar una lancha colectivo que cuesta $600 pesos por persona, ida y vuelta, y funciona entre las 8 y las 18 horas.<\/p>\n\n\n\n<p>En la Isla Paulino, adem\u00e1s de la amplia playa, los turistas pueden disfrutar de una ribera \u00fanica con senderos para recorrer de cerca la vegetaci\u00f3n frondosa, realizar avistamiento de aves y tambi\u00e9n traves\u00edas o paseos en distintas embarcaciones.<\/p>\n\n\n\n<p>Para esta temporada, adem\u00e1s de actividades culturales, Berisso prev\u00e9 recorridas durante la tarde por los vi\u00f1edos costeros y astroturismo, actividades que se suman para completar el paseo por estas playas.<\/p>\n\n\n\n<p>M\u00e1s all\u00e1 de Ensenada y Berisso, cuando la avenida 122 se transforma en la ruta 11, aparece el partido de Magdalena y a menos de 10 kil\u00f3metros se encuentra Atalaya.<\/p>\n\n\n\n<p>La particularidad de esta localidad se la dan sus hermosas playas de aguas poco profundas y tranquilas, ideales para viajar en familia.<\/p>\n\n\n\n<p>Esta parte de la costa del R\u00edo de la Plata cuenta con bosque aut\u00f3ctono, lo que transforma este balneario en un lugar especial para disfrutar del verano en la playa con sombra natural y, en zona de camping, hacer uso de los fogones y ba\u00f1os p\u00fablicos.<\/p>\n\n\n\n<p>El lugar, adem\u00e1s, es famoso por su Carnaval del Sur que, entre enero y febrero, llena de color y ritmo murguero las tardes de los fines de semana.<\/p>\n\n\n\n<p>Los \u00faltimos balnearios de esta costa est\u00e1n en Punta Indio, regi\u00f3n que se ubica dentro del Parque Costero del Sur, que comienza en el Partido de Magdalena y contin\u00faa en el Partido de Punta, y que fue declarado por la Unesco como Reserva Mundial de Biosfera.<\/p>\n\n\n\n<p>El partido cuenta con tres playas activas con servicio de guardavidas, cuya principal caracter\u00edstica es la tranquilidad, el silencio y la naturaleza, y cuyo balneario principal, El Peric\u00f3n, es f\u00e1cil de identificar por la presencia de una gran escultura de hierro del Indio Querand\u00ed.<\/p>\n\n\n\n<p>El balneario La Escondida es una playa m\u00e1s agreste, y Sarand\u00ed es la elegida por pescadores.<\/p>\n\n\n\n<p>&#8220;Hicimos una redistribuci\u00f3n de la playa principal con un estacionamiento nuevo, dado que ante el caudal de visitantes que tenemos en temporada y en los fines de semana, era necesario ampliar el espacio para estacionar&#8221;, explic\u00f3 a T\u00e9lam Facundo Galv\u00e1n, director de Turismo local, sobre algunas de las mejoras que se realizaron en la zona de playas.<\/p>\n\n\n\n<p>Quienes visiten este lugar podr\u00e1n realizar caminatas por senderos y parques; visitar distintas estancias cercanas; y conocer la Reserva Ecol\u00f3gica El Destino, ubicada a 15 kil\u00f3metros de Punta del Indio.<\/p>\n\n\n\n<p>Adem\u00e1s de las actividades recreativas y deportivas en el agua, los veraneantes podr\u00e1n participar de festivales como el Cultural y el de la Mariposa Bandera Argentina, que se realiza en febrero en homenaje a este insecto aut\u00f3ctono.<\/p>\n","protected":false},"excerpt":{"rendered":"<p>Recostados sobre el R\u00edo de la Plata, los distritos de Ensenada, Berisso, Magdalena y Punta Indio ofrecen la posibilidad de disfrutar del sol, la playa y el agua, con un paquete alternativo que incluye naturaleza, propuestas culturales y actividades deportivas a pocos kil\u00f3metros de la ciudad de Buenos Aires. Por su proximidad con CABA y [&hellip;]<\/p>\n","protected":false},"author":1,"featured_media":6983,"comment_status":"open","ping_status":"open","sticky":false,"template":"","format":"standard","meta":{"_monsterinsights_skip_tracking":false,"_monsterinsights_sitenote_active":false,"_monsterinsights_sitenote_note":"","_monsterinsights_sitenote_category":0,"footnotes":""},"categories":[150],"tags":[158],"class_list":["post-6982","post","type-post","status-publish","format-standard","has-post-thumbnail","hentry","category-actualidad","tag-158"],"_links":{"self":[{"href":"https:\/\/news.digitaltv.com.ar\/index.php?rest_route=\/wp\/v2\/posts\/6982","targetHints":{"allow":["GET"]}}],"collection":[{"href":"https:\/\/news.digitaltv.com.ar\/index.php?rest_route=\/wp\/v2\/posts"}],"about":[{"href":"https:\/\/news.digitaltv.com.ar\/index.php?rest_route=\/wp\/v2\/types\/post"}],"author":[{"embeddable":true,"href":"https:\/\/news.digitaltv.com.ar\/index.php?rest_route=\/wp\/v2\/users\/1"}],"replies":[{"embeddable":true,"href":"https:\/\/news.digitaltv.com.ar\/index.php?rest_route=%2Fwp%2Fv2%2Fcomments&post=6982"}],"version-history":[{"count":1,"href":"https:\/\/news.digitaltv.com.ar\/index.php?rest_route=\/wp\/v2\/posts\/6982\/revisions"}],"predecessor-version":[{"id":6984,"href":"https:\/\/news.digitaltv.com.ar\/index.php?rest_route=\/wp\/v2\/posts\/6982\/revisions\/6984"}],"wp:featuredmedia":[{"embeddable":true,"href":"https:\/\/news.digitaltv.com.ar\/index.php?rest_route=\/wp\/v2\/media\/6983"}],"wp:attachment":[{"href":"https:\/\/news.digitaltv.com.ar\/index.php?rest_route=%2Fwp%2Fv2%2Fmedia&parent=6982"}],"wp:term":[{"taxonomy":"category","embeddable":true,"href":"https:\/\/news.digitaltv.com.ar\/index.php?rest_route=%2Fwp%2Fv2%2Fcategories&post=6982"},{"taxonomy":"post_tag","embeddable":true,"href":"https:\/\/news.digitaltv.com.ar\/index.php?rest_route=%2Fwp%2Fv2%2Ftags&post=6982"}],"curies":[{"name":"wp","href":"https:\/\/api.w.org\/{rel}","templated":true}]}}