{"id":7174,"date":"2023-01-20T11:54:40","date_gmt":"2023-01-20T14:54:40","guid":{"rendered":"https:\/\/news.digitaltv.com.ar\/?p=7174"},"modified":"2023-01-23T11:23:14","modified_gmt":"2023-01-23T14:23:14","slug":"aprueban-nuevo-formulario-de-certificado-medico-oficial-para-personas-con-discapacidad","status":"publish","type":"post","link":"https:\/\/news.digitaltv.com.ar\/?p=7174","title":{"rendered":"APRUEBAN NUEVO FORMULARIO DE CERTIFICADO M\u00c9DICO OFICIAL PARA PERSONAS CON DISCAPACIDAD"},"content":{"rendered":"\n<p>El Gobierno aprob\u00f3 el nuevo formulario de Certificado M\u00e9dico Oficial (CMO) para personas con discapacidad y tambi\u00e9n los nuevos criterios del estado socio-econ\u00f3mico y de vulnerabilidad para el otorgamiento de las pensiones no contributivas por invalidez.<\/p>\n\n\n\n<p>La medida fue formalizada mediante la Resoluci\u00f3n 70\/2023 de la Agencia Nacional de Discapacidad, publicada hoy en el Bolet\u00edn Oficial con la firma de su director ejecutivo, Fernando Galarraga.<\/p>\n\n\n\n<p>El nuevo formulario de CMO entrar\u00e1 en vigencia dentro de quince d\u00edas, aunque los que fueron emitidos con anterioridad podr\u00e1n ser completados y presentados durante el transcurso del a\u00f1o, se aclar\u00f3 en la resoluci\u00f3n.<\/p>\n\n\n\n<p>Vencido dicho plazo, la persona con discapacidad deber\u00e1 solicitar un nuevo formulario para su confecci\u00f3n por parte del profesional m\u00e9dico o de la profesional m\u00e9dica.<\/p>\n\n\n\n<p>En la norma, tambi\u00e9n se aprueban los nuevos lineamientos para el proceso de inicio, cruces y validaciones de los tr\u00e1mites de las Pensiones No Contributivas por Invalidez (tanto para menores como para adultos) y los nuevos criterios de determinaci\u00f3n del estado socio-econ\u00f3mico y de vulnerabilidad atinentes al proceso de otorgamiento, denegaci\u00f3n, suspensi\u00f3n y\/o caducidad de ese beneficio.<\/p>\n\n\n\n<p>Entre los criterios de evaluaci\u00f3n de ingreso del grupo familiar de una persona con discapacidad, en uno de los anexos de la norma se indica que se considerar\u00e1 la vulnerabilidad cuando los ingresos mensuales que perciban sus integrantes no superen el equivalente a cuatro jubilaciones m\u00ednimas, contemplando adem\u00e1s si la residencia del solicitando es la zona austral del pa\u00eds.<\/p>\n\n\n\n<p>Tambi\u00e9n si es due\u00f1o de la vivienda donde reside el solicitante adulto o los padres en caso de un menor \u2013o presentando justificaci\u00f3n en caso de usufructo de m\u00e1s inmuebles-, as\u00ed como si es titular de un autom\u00f3vil de una antig\u00fcedad no menor a 10 a\u00f1os \u2013o presentando justificaci\u00f3n en caso de que sea menor-.<\/p>\n","protected":false},"excerpt":{"rendered":"<p>El Gobierno aprob\u00f3 el nuevo formulario de Certificado M\u00e9dico Oficial (CMO) para personas con discapacidad y tambi\u00e9n los nuevos criterios del estado socio-econ\u00f3mico y de vulnerabilidad para el otorgamiento de las pensiones no contributivas por invalidez. La medida fue formalizada mediante la Resoluci\u00f3n 70\/2023 de la Agencia Nacional de Discapacidad, publicada hoy en el Bolet\u00edn [&hellip;]<\/p>\n","protected":false},"author":1,"featured_media":7175,"comment_status":"open","ping_status":"open","sticky":false,"template":"","format":"standard","meta":{"_monsterinsights_skip_tracking":false,"_monsterinsights_sitenote_active":false,"_monsterinsights_sitenote_note":"","_monsterinsights_sitenote_category":0,"footnotes":""},"categories":[151],"tags":[160],"class_list":["post-7174","post","type-post","status-publish","format-standard","has-post-thumbnail","hentry","category-salud","tag-160"],"_links":{"self":[{"href":"https:\/\/news.digitaltv.com.ar\/index.php?rest_route=\/wp\/v2\/posts\/7174","targetHints":{"allow":["GET"]}}],"collection":[{"href":"https:\/\/news.digitaltv.com.ar\/index.php?rest_route=\/wp\/v2\/posts"}],"about":[{"href":"https:\/\/news.digitaltv.com.ar\/index.php?rest_route=\/wp\/v2\/types\/post"}],"author":[{"embeddable":true,"href":"https:\/\/news.digitaltv.com.ar\/index.php?rest_route=\/wp\/v2\/users\/1"}],"replies":[{"embeddable":true,"href":"https:\/\/news.digitaltv.com.ar\/index.php?rest_route=%2Fwp%2Fv2%2Fcomments&post=7174"}],"version-history":[{"count":1,"href":"https:\/\/news.digitaltv.com.ar\/index.php?rest_route=\/wp\/v2\/posts\/7174\/revisions"}],"predecessor-version":[{"id":7176,"href":"https:\/\/news.digitaltv.com.ar\/index.php?rest_route=\/wp\/v2\/posts\/7174\/revisions\/7176"}],"wp:featuredmedia":[{"embeddable":true,"href":"https:\/\/news.digitaltv.com.ar\/index.php?rest_route=\/wp\/v2\/media\/7175"}],"wp:attachment":[{"href":"https:\/\/news.digitaltv.com.ar\/index.php?rest_route=%2Fwp%2Fv2%2Fmedia&parent=7174"}],"wp:term":[{"taxonomy":"category","embeddable":true,"href":"https:\/\/news.digitaltv.com.ar\/index.php?rest_route=%2Fwp%2Fv2%2Fcategories&post=7174"},{"taxonomy":"post_tag","embeddable":true,"href":"https:\/\/news.digitaltv.com.ar\/index.php?rest_route=%2Fwp%2Fv2%2Ftags&post=7174"}],"curies":[{"name":"wp","href":"https:\/\/api.w.org\/{rel}","templated":true}]}}