{"id":7237,"date":"2023-01-26T11:12:13","date_gmt":"2023-01-26T14:12:13","guid":{"rendered":"https:\/\/news.digitaltv.com.ar\/?p=7237"},"modified":"2023-01-26T11:12:54","modified_gmt":"2023-01-26T14:12:54","slug":"sequia-y-despues-que-pasara-con-los-suelos-si-las-precipitaciones-son-demasiado-abundantes","status":"publish","type":"post","link":"https:\/\/news.digitaltv.com.ar\/?p=7237","title":{"rendered":"SEQU\u00cdA Y DESPU\u00c9S: QU\u00c9 PASAR\u00c1 CON LOS SUELOS SI LAS PRECIPITACIONES SON DEMASIADO ABUNDANTES"},"content":{"rendered":"\n<p>T\u00e9lam-Confiar. Por Cecilia Farr\u00e9, integrantes de la Red Argentina de Periodismo Cient\u00edfico).- Tras el per\u00edodo de sequ\u00eda provocado por el fen\u00f3meno de La Ni\u00f1a- que se espera que cese para el oto\u00f1o-, la transici\u00f3n hacia la normalidad &#8220;ser\u00e1 lenta&#8221; y requerir\u00e1 de lluvias moderadas y con cierta frecuencia, ya que de tener precipitaciones abundantes en cortos periodos podr\u00eda erosionar los suelos, advirtieron especialistas.<\/p>\n\n\n\n<p>&#8220;Se espera que para inicios del oto\u00f1o comience una fase neutral, es decir, que ya la anomal\u00eda del oc\u00e9ano Pac\u00edfico ecuatorial est\u00e9 dentro de los valores normales, pero habr\u00e1 una demora hasta que la atm\u00f3sfera cambie su comportamiento&#8221;, explica a T\u00e9lam Confiar Cindy Fern\u00e1ndez, del Servicio Meteorol\u00f3gico Nacional (SMN).<\/p>\n\n\n\n<p>Desde el a\u00f1o 2018, el pa\u00eds se encuentra en un per\u00edodo de d\u00e9ficit de precipitaciones acrecentado por el fen\u00f3meno de La Ni\u00f1a que en la actualidad se encuentra d\u00e9bil al l\u00edmite de moderada.<\/p>\n\n\n\n<p>&#8220;Salir de una sequ\u00eda es un proceso lento que requiere de varios eventos de precipitaci\u00f3n normales y que transiten en el tiempo&#8221;, indica la meteor\u00f3loga. Fern\u00e1ndez advierte que &#8220;tras una sequ\u00eda tan prolongada, las lluvias intensas no ser\u00edan lo mejor ya que la capacidad del suelo de absorci\u00f3n es menor. Si precipita mucha cantidad de agua en poco tiempo, se transforma en escorrent\u00eda que erosiona el suelo, quita sus nutrientes y arrasa cultivos&#8221;.<\/p>\n\n\n\n<p>Un antecedente a tener en cuenta es que tanto en la regi\u00f3n del Litoral como en el norte de la provincia de Buenos Aires, una zona productiva que en este momento se encuentra muy afectada por la sequ\u00eda, el oto\u00f1o suele ser una estaci\u00f3n lluviosa momento que adem\u00e1s coincidir\u00eda con el fin de La Ni\u00f1a.<\/p>\n\n\n\n<p>Si esto se cumple (y si no se da de manera intensa) ser\u00eda beneficioso y muy esperado ya que el \u00faltimo informe de la Direcci\u00f3n Nacional de Riesgo y Emergencia Agropecuaria de enero indica que en diciembre de 2022 se observ\u00f3 un incremento de 10 millones de hect\u00e1reas en riesgo de sequ\u00eda en el pa\u00eds respecto de noviembre, por lo que se totalizaron 175 millones de hect\u00e1reas en esa situaci\u00f3n.<\/p>\n\n\n\n<p>En cuanto a los \u00edndices de humedad de suelo, en zonas amplias del territorio nacional la humedad se encuentra por debajo de los requisitos h\u00eddricos de cultivos y pasturas, en especial en el centro y con fuertes ca\u00eddas en el Litoral.<\/p>\n\n\n\n<p>La previsi\u00f3n clim\u00e1tica del SMN para febrero y marzo pronostica precipitaciones dentro del rango normal o inferior al promedio en el Litoral, en el norte, centro como as\u00ed tambi\u00e9n en el sur de la Patagonia, mientras que dentro del promedio para la \u00e9poca en la regi\u00f3n de Cuyo, este de Patagonia en las provincias de La Pampa y Buenos Aires. Por otro lado, para el oeste de la Patagonia se espera que llueva lo normal o m\u00e1s y que se supere la media en el noroeste del pa\u00eds.<\/p>\n\n\n\n<p>M\u00e1s all\u00e1 de los pron\u00f3sticos y de las sucesiones de per\u00edodos secos y h\u00famedos que se dan normalmente, investigadores advierten modificaciones en las condiciones clim\u00e1ticas que se han empezado a dar en las \u00faltimas d\u00e9cadas.<\/p>\n\n\n\n<p>&#8220;Lo que est\u00e1 cambiando es la forma en c\u00f3mo llueve. A lo mejor en un mes llueve la misma cantidad que otros a\u00f1os en los que no hubo problemas en el mismo per\u00edodo, pero a partir de una precipitaci\u00f3n intensa por tres d\u00edas consecutivos y el resto del mes no pasa nada. Desde el punto de vista agr\u00edcola esto es perjudicial&#8221;, afirma la investigadora del Conicet y del Departamento de Ciencias de la Atm\u00f3sfera y los Oc\u00e9anos de la Facultad de Exactas y Ciencias Naturales (FCEN) de la Universidad de Buenos Aires, Olga Penalba.<\/p>\n\n\n\n<p>En base a estudios, la investigadora se\u00f1ala al cambio clim\u00e1tico como responsable de un aumento de la variabilidad y de eventos extremos como lluvias intensas y de secuencias secas de m\u00e1s de 15 d\u00edas sin lluvias (o precipitaci\u00f3n inferior a un mil\u00edmetro) en algunas regiones del pa\u00eds.<\/p>\n\n\n\n<p>&#8220;Despu\u00e9s de una quincena o m\u00e1s d\u00edas sin llover, el suelo queda desquebrajado y pr\u00e1cticamente no puede absorber las lluvias intensas. Entonces el agua se pierde o el suelo se degrada&#8221;, agrega la especialista, que tambi\u00e9n se desempe\u00f1a como directora de la Maestr\u00eda en Meteorolog\u00eda Agr\u00edcola de FCEN y de Agronom\u00eda.<\/p>\n\n\n\n<p>Por su parte, el investigador adjunto del Conicet en el Instituto Argentino de Nivolog\u00eda, Glaciolog\u00eda y Ciencias Ambientales (IANIGLA), Juan Antonio Rivera, aporta que si bien en los \u00faltimos 100 a\u00f1os se observa un incremento en los totales de precipitaci\u00f3n, esta tendencia presenta una reversi\u00f3n a partir de la d\u00e9cada de 1990, con lo cual regiones centrales y productivas del pa\u00eds registran m\u00e1s eventos de sequ\u00eda.<\/p>\n\n\n\n<p>Seg\u00fan Rivera, en distintos modelos clim\u00e1ticos existe un acuerdo sobre los aumentos de las precipitaciones en el centro-este del pa\u00eds y decrecimientos sobre la regi\u00f3n cordillerana.<\/p>\n\n\n\n<p>&#8220;Ambos resultados son preocupantes&#8221;, indica y explica que, en el primer caso, &#8220;al incremento en las precipitaciones medias hay que superponerle la variabilidad interanual, lo cual da como consecuencia una mayor frecuencia de eventos extremos, tanto h\u00famedos como secos&#8221;.<\/p>\n\n\n\n<p>En el segundo caso, el investigador mencion\u00f3 que el mencionado descenso en la zona cordillerana afecta la disponibilidad h\u00eddrica regional para las actividades socio-econ\u00f3micas que podr\u00eda implicar la reducci\u00f3n de glaciares y otros cuerpos de hielo, la disminuci\u00f3n en los caudales de los r\u00edos andinos y de la generaci\u00f3n de energ\u00eda hidroel\u00e9ctrica, que para la regi\u00f3n del Comahue representa aproximadamente un 30 por ciento del total del pa\u00eds.<\/p>\n\n\n\n<p>M\u00e1s all\u00e1 de las condiciones clim\u00e1ticas, el investigador del Conicet en el Grupo de Estudios Ambientales de la Universidad Nacional de San Luis, Esteban Jobb\u00e1gy, llama la atenci\u00f3n de una ense\u00f1anza que deja la situaci\u00f3n actual. Si bien a medida que avanzaron las sequ\u00edas los niveles de las napas fre\u00e1ticas fueron bajando, no lo hicieron lo suficiente.<\/p>\n\n\n\n<p>&#8220;Lo notable es que se frenan aproximadamente a los tres metros de profundidad y a partir de ah\u00ed el descenso se hace muy lento. A\u00fan en una sequ\u00eda como esta no logramos secar el territorio como hace 30 o 40 a\u00f1os atr\u00e1s con otro tipo de vegetaci\u00f3n&#8221;, describe.<\/p>\n\n\n\n<p>La raz\u00f3n es que las ra\u00edces de los cultivos como la soja o el ma\u00edz no pueden hacer uso del agua a mayor profundidad. No ocurre lo mismo con la alfalfa ni con los \u00e1rboles de especies nativas. Ante esto, el ingeniero agr\u00f3nomo propone sumar a los cultivos una fracci\u00f3n del paisaje con plantas que tengan ra\u00edces m\u00e1s profundas para evitar que &#8220;las napas saladas lleguen a la superficie y da\u00f1an el suelo y los cultivos&#8221;.<\/p>\n\n\n\n<p>Aunque a\u00fan la preocupaci\u00f3n es la sequ\u00eda, Jobb\u00e1gy advierte sobre un problema latente: &#8220;Ahora hace falta menos exceso h\u00eddrico que antes para inundarnos, incluso luego de pasar por una sequ\u00eda. Nuestra vegetaci\u00f3n cultivada no es tan efectiva secando en profundidad, y con menos lluvias que en el pasado el terreno puede inundarse&#8221;, concluye.<\/p>\n\n\n\n<p>*Esta nota es una producci\u00f3n de T\u00e9lam-Confiar, una plataforma con informaci\u00f3n especializada en ciencia, salud, ambiente y tecnolog\u00eda (www.telam.com.ar\/confiar).<\/p>\n","protected":false},"excerpt":{"rendered":"<p>T\u00e9lam-Confiar. Por Cecilia Farr\u00e9, integrantes de la Red Argentina de Periodismo Cient\u00edfico).- Tras el per\u00edodo de sequ\u00eda provocado por el fen\u00f3meno de La Ni\u00f1a- que se espera que cese para el oto\u00f1o-, la transici\u00f3n hacia la normalidad &#8220;ser\u00e1 lenta&#8221; y requerir\u00e1 de lluvias moderadas y con cierta frecuencia, ya que de tener precipitaciones abundantes en [&hellip;]<\/p>\n","protected":false},"author":1,"featured_media":7238,"comment_status":"open","ping_status":"open","sticky":false,"template":"","format":"standard","meta":{"_monsterinsights_skip_tracking":false,"_monsterinsights_sitenote_active":false,"_monsterinsights_sitenote_note":"","_monsterinsights_sitenote_category":0,"footnotes":""},"categories":[150],"tags":[158],"class_list":["post-7237","post","type-post","status-publish","format-standard","has-post-thumbnail","hentry","category-actualidad","tag-158"],"_links":{"self":[{"href":"https:\/\/news.digitaltv.com.ar\/index.php?rest_route=\/wp\/v2\/posts\/7237","targetHints":{"allow":["GET"]}}],"collection":[{"href":"https:\/\/news.digitaltv.com.ar\/index.php?rest_route=\/wp\/v2\/posts"}],"about":[{"href":"https:\/\/news.digitaltv.com.ar\/index.php?rest_route=\/wp\/v2\/types\/post"}],"author":[{"embeddable":true,"href":"https:\/\/news.digitaltv.com.ar\/index.php?rest_route=\/wp\/v2\/users\/1"}],"replies":[{"embeddable":true,"href":"https:\/\/news.digitaltv.com.ar\/index.php?rest_route=%2Fwp%2Fv2%2Fcomments&post=7237"}],"version-history":[{"count":1,"href":"https:\/\/news.digitaltv.com.ar\/index.php?rest_route=\/wp\/v2\/posts\/7237\/revisions"}],"predecessor-version":[{"id":7239,"href":"https:\/\/news.digitaltv.com.ar\/index.php?rest_route=\/wp\/v2\/posts\/7237\/revisions\/7239"}],"wp:featuredmedia":[{"embeddable":true,"href":"https:\/\/news.digitaltv.com.ar\/index.php?rest_route=\/wp\/v2\/media\/7238"}],"wp:attachment":[{"href":"https:\/\/news.digitaltv.com.ar\/index.php?rest_route=%2Fwp%2Fv2%2Fmedia&parent=7237"}],"wp:term":[{"taxonomy":"category","embeddable":true,"href":"https:\/\/news.digitaltv.com.ar\/index.php?rest_route=%2Fwp%2Fv2%2Fcategories&post=7237"},{"taxonomy":"post_tag","embeddable":true,"href":"https:\/\/news.digitaltv.com.ar\/index.php?rest_route=%2Fwp%2Fv2%2Ftags&post=7237"}],"curies":[{"name":"wp","href":"https:\/\/api.w.org\/{rel}","templated":true}]}}