{"id":7243,"date":"2023-01-26T11:31:33","date_gmt":"2023-01-26T14:31:33","guid":{"rendered":"https:\/\/news.digitaltv.com.ar\/?p=7243"},"modified":"2023-01-30T11:54:34","modified_gmt":"2023-01-30T14:54:34","slug":"atletas-de-la-escuela-municipal-de-deporte-adaptado-en-la-seleccion-nacional-para-personas-con-paralisis-cerebral","status":"publish","type":"post","link":"https:\/\/news.digitaltv.com.ar\/?p=7243","title":{"rendered":"ATLETAS DE LA ESCUELA MUNICIPAL DE DEPORTE ADAPTADO EN LA SELECCI\u00d3N NACIONAL PARA PERSONAS CON PAR\u00c1LISIS CEREBRAL"},"content":{"rendered":"\n<p>Nadia Sgorbini y Amparo Rivosecchi fueron convocadas por la Selecci\u00f3n Nacional de Atletismo para Personas con Par\u00e1lisis Cerebral en la primera concentraci\u00f3n de este a\u00f1o en la ciudad de Viedma.<\/p>\n\n\n\n<p>Dicha concentraci\u00f3n forma parte de la pretemporada que desarrollan adelante m\u00e1s de 50 atletas de todo el pa\u00eds que buscan representar al pa\u00eds en los eventos internacionales del a\u00f1o.<\/p>\n\n\n\n<p>Desde la Subsecretar\u00eda de Deportes de la Municipalidad de Pergamino aseguran que ambas deportistas tienen grandes posibilidades de conformar la Delegaci\u00f3n Argentina para el Parapanamericano Juvenil de Bogot\u00e1, Colombia 2023.<\/p>\n\n\n\n<p>Nadia y Amparo desarrollan pruebas de velocidad y salto en largo buscando un lugar entre las convocadas para los eventos de este a\u00f1o.<br>Est\u00e1n acompa\u00f1adas por el profesor Lorenzo Fern\u00e1ndez.<\/p>\n","protected":false},"excerpt":{"rendered":"<p>Nadia Sgorbini y Amparo Rivosecchi fueron convocadas por la Selecci\u00f3n Nacional de Atletismo para Personas con Par\u00e1lisis Cerebral en la primera concentraci\u00f3n de este a\u00f1o en la ciudad de Viedma. Dicha concentraci\u00f3n forma parte de la pretemporada que desarrollan adelante m\u00e1s de 50 atletas de todo el pa\u00eds que buscan representar al pa\u00eds en los [&hellip;]<\/p>\n","protected":false},"author":1,"featured_media":7244,"comment_status":"open","ping_status":"open","sticky":false,"template":"","format":"standard","meta":{"_monsterinsights_skip_tracking":false,"_monsterinsights_sitenote_active":false,"_monsterinsights_sitenote_note":"","_monsterinsights_sitenote_category":0,"footnotes":""},"categories":[7],"tags":[160],"class_list":["post-7243","post","type-post","status-publish","format-standard","has-post-thumbnail","hentry","category-deportes","tag-160"],"_links":{"self":[{"href":"https:\/\/news.digitaltv.com.ar\/index.php?rest_route=\/wp\/v2\/posts\/7243","targetHints":{"allow":["GET"]}}],"collection":[{"href":"https:\/\/news.digitaltv.com.ar\/index.php?rest_route=\/wp\/v2\/posts"}],"about":[{"href":"https:\/\/news.digitaltv.com.ar\/index.php?rest_route=\/wp\/v2\/types\/post"}],"author":[{"embeddable":true,"href":"https:\/\/news.digitaltv.com.ar\/index.php?rest_route=\/wp\/v2\/users\/1"}],"replies":[{"embeddable":true,"href":"https:\/\/news.digitaltv.com.ar\/index.php?rest_route=%2Fwp%2Fv2%2Fcomments&post=7243"}],"version-history":[{"count":1,"href":"https:\/\/news.digitaltv.com.ar\/index.php?rest_route=\/wp\/v2\/posts\/7243\/revisions"}],"predecessor-version":[{"id":7245,"href":"https:\/\/news.digitaltv.com.ar\/index.php?rest_route=\/wp\/v2\/posts\/7243\/revisions\/7245"}],"wp:featuredmedia":[{"embeddable":true,"href":"https:\/\/news.digitaltv.com.ar\/index.php?rest_route=\/wp\/v2\/media\/7244"}],"wp:attachment":[{"href":"https:\/\/news.digitaltv.com.ar\/index.php?rest_route=%2Fwp%2Fv2%2Fmedia&parent=7243"}],"wp:term":[{"taxonomy":"category","embeddable":true,"href":"https:\/\/news.digitaltv.com.ar\/index.php?rest_route=%2Fwp%2Fv2%2Fcategories&post=7243"},{"taxonomy":"post_tag","embeddable":true,"href":"https:\/\/news.digitaltv.com.ar\/index.php?rest_route=%2Fwp%2Fv2%2Ftags&post=7243"}],"curies":[{"name":"wp","href":"https:\/\/api.w.org\/{rel}","templated":true}]}}