{"id":728,"date":"2022-03-18T08:58:55","date_gmt":"2022-03-18T11:58:55","guid":{"rendered":"https:\/\/wp.digitaltv.com.ar\/?p=728"},"modified":"2022-03-18T09:55:29","modified_gmt":"2022-03-18T12:55:29","slug":"el-fortalecimiento-laboral-uno-de-los-objetivos-de-maiztegui","status":"publish","type":"post","link":"https:\/\/news.digitaltv.com.ar\/?p=728","title":{"rendered":"El fortalecimiento laboral, uno de los objetivos de Maiztegui"},"content":{"rendered":"\n<p>El concejal entrante de Juntos, <strong>Ignacio Maiztegui<\/strong> trabaja en el proyecto de fortalecimiento laboral, fusionar lo p\u00fablico con lo privado y capacitar teniendo en cuenta la necesidad del mercado.<\/p>\n\n\n\n<p>Maiztegui est\u00e1 haciendo sus primeros pasos dentro de la pol\u00edtica y uno de sus primeros trabajos ser\u00e1 generar un vinculo entre la gente y la demanda de los empleadores \u201cdesde el lado de quien busca gente para trabajar es muy dif\u00edcil encontrarla y del otro hay mucha gente con buenas intenciones y no sabe c\u00f3mo hacerlo, la idea es conectar ambas partes\u201d.<\/p>\n\n\n\n<p>Con la inquietud de poder mejorar el sistema el edil not\u00f3 que \u201cel municipio tiene muchos recursos pero desactualizados, hay mucha gente con ganas de trabajar, hay que darles un horizonte con salida laboral\u201d.<\/p>\n\n\n\n<p>En proyecto est\u00e1 en pleno proceso \u201cestamos hablando con todas las c\u00e1maras detectando las necesidades, despu\u00e9s hay que ver qu\u00e9 es lo que puede hacer el municipio y ver lo que se puede hacer desde el sector privado\u201d.<\/p>\n","protected":false},"excerpt":{"rendered":"<p>El concejal entrante de Juntos, Ignacio Maiztegui trabaja en el proyecto de fortalecimiento laboral, fusionar lo p\u00fablico con lo privado y capacitar teniendo en cuenta la necesidad del mercado. Maiztegui est\u00e1 haciendo sus primeros pasos dentro de la pol\u00edtica y uno de sus primeros trabajos ser\u00e1 generar un vinculo entre la gente y la demanda [&hellip;]<\/p>\n","protected":false},"author":2,"featured_media":729,"comment_status":"open","ping_status":"open","sticky":false,"template":"","format":"standard","meta":{"_monsterinsights_skip_tracking":false,"_monsterinsights_sitenote_active":false,"_monsterinsights_sitenote_note":"","_monsterinsights_sitenote_category":0,"footnotes":""},"categories":[152],"tags":[158],"class_list":["post-728","post","type-post","status-publish","format-standard","has-post-thumbnail","hentry","category-pergamino","tag-158"],"_links":{"self":[{"href":"https:\/\/news.digitaltv.com.ar\/index.php?rest_route=\/wp\/v2\/posts\/728","targetHints":{"allow":["GET"]}}],"collection":[{"href":"https:\/\/news.digitaltv.com.ar\/index.php?rest_route=\/wp\/v2\/posts"}],"about":[{"href":"https:\/\/news.digitaltv.com.ar\/index.php?rest_route=\/wp\/v2\/types\/post"}],"author":[{"embeddable":true,"href":"https:\/\/news.digitaltv.com.ar\/index.php?rest_route=\/wp\/v2\/users\/2"}],"replies":[{"embeddable":true,"href":"https:\/\/news.digitaltv.com.ar\/index.php?rest_route=%2Fwp%2Fv2%2Fcomments&post=728"}],"version-history":[{"count":1,"href":"https:\/\/news.digitaltv.com.ar\/index.php?rest_route=\/wp\/v2\/posts\/728\/revisions"}],"predecessor-version":[{"id":730,"href":"https:\/\/news.digitaltv.com.ar\/index.php?rest_route=\/wp\/v2\/posts\/728\/revisions\/730"}],"wp:featuredmedia":[{"embeddable":true,"href":"https:\/\/news.digitaltv.com.ar\/index.php?rest_route=\/wp\/v2\/media\/729"}],"wp:attachment":[{"href":"https:\/\/news.digitaltv.com.ar\/index.php?rest_route=%2Fwp%2Fv2%2Fmedia&parent=728"}],"wp:term":[{"taxonomy":"category","embeddable":true,"href":"https:\/\/news.digitaltv.com.ar\/index.php?rest_route=%2Fwp%2Fv2%2Fcategories&post=728"},{"taxonomy":"post_tag","embeddable":true,"href":"https:\/\/news.digitaltv.com.ar\/index.php?rest_route=%2Fwp%2Fv2%2Ftags&post=728"}],"curies":[{"name":"wp","href":"https:\/\/api.w.org\/{rel}","templated":true}]}}