{"id":7372,"date":"2023-02-06T11:03:51","date_gmt":"2023-02-06T14:03:51","guid":{"rendered":"https:\/\/news.digitaltv.com.ar\/?p=7372"},"modified":"2023-02-09T09:23:17","modified_gmt":"2023-02-09T12:23:17","slug":"pediatras-instan-a-completar-el-calendario-de-vacunas-antes-del-ingresa-escolar","status":"publish","type":"post","link":"https:\/\/news.digitaltv.com.ar\/?p=7372","title":{"rendered":"PEDIATRAS INSTAN A COMPLETAR EL CALENDARIO DE VACUNAS ANTES DEL INGRESA ESCOLAR"},"content":{"rendered":"\n<p>La Sociedad Argentina de Pediatr\u00eda (SAP) lanza hoy la campa\u00f1a denominada &#8216;Vuelta al Cole. Vacuname a tiempo&#8217; con el objetivo de promover la vacunaci\u00f3n gratuita y obligatoria que marca el Calendario Nacional de Inmunizaci\u00f3n para todos los ni\u00f1os, ni\u00f1as y adolescentes aprovechando el inicio escolar.<\/p>\n\n\n\n<p>Bajo los hashtags #VacunameATiempo, #VueltaAlCole, #Vacunaci\u00f3n, #CalendarioNacional y #LasVacunasSalvanVidas, la campa\u00f1a abarca redes sociales como Instagram y Facebook y medios de comunicaci\u00f3n.<\/p>\n\n\n\n<p>Esta campa\u00f1a se suma a la que en octubre del 2022 lanz\u00f3 en Tecn\u00f3polis la ministra de Salud de la Naci\u00f3n, Carla Vizzotti, que contempla la vacunaci\u00f3n contra sarampi\u00f3n, rub\u00e9ola, paperas y poliomielitis en ni\u00f1as y ni\u00f1os de 13 meses a 4 a\u00f1os inclusive y que se est\u00e1 realizando en el Hospital de Pediatr\u00eda Garrahan hasta el 31 de marzo.<\/p>\n\n\n\n<p>Las y los especialistas de la SAP recomiendan aprovechar el inicio escolar para completar los esquemas de todas las vacunas del Calendario Nacional Gratuito y Obligatorio de Inmunizaci\u00f3n en ni\u00f1os, ni\u00f1as y adolescentes (NNyA), ya que &#8216;las vacunas son seguras, salvan vidas y previenen enfermedades graves&#8221;, afirmaron a trav\u00e9s de un comunicado.<\/p>\n\n\n\n<p>El ingreso escolar es una &#8220;excelente oportunidad&#8221; para realizar los controles de salud y la visita con el pediatra, ya tambi\u00e9n para revisar los certificados de vacunaci\u00f3n y asegurar que los ni\u00f1os regresen a la escuela con las vacunas al d\u00eda, aseguraron los pediatras.<\/p>\n\n\n\n<p>La iniciativa destaca que para lograr que se completen los esquemas de inmunizaci\u00f3n, situaci\u00f3n comprometida en los \u00faltimos a\u00f1os a causa de la pandemia, es imprescindible consultar con el pediatra sobre cu\u00e1les son las vacunas que deben aplicarse.<\/p>\n\n\n\n<p>&#8220;Madres, padres y educadores deben conocer y consultar el Calendario Nacional de Vacunaci\u00f3n para saber con certeza cu\u00e1les son las vacunas gratuitas y obligatorias para cada edad en el curso de la infancia y la adolescencia&#8221;, afirm\u00f3 Elizabeth Bogdanowicz, m\u00e9dica infect\u00f3loga, miembro del Comit\u00e9 de Infectolog\u00eda de la SAP.<\/p>\n\n\n\n<p>Por su parte, Gabriela Tapponnier, Secretar\u00eda del Comit\u00e9 de Infectolog\u00eda de la SAP indic\u00f3 que &#8220;todas las vacunas del calendario nacional son gratuitas, obligatorias, y se aplican en los vacunatorios oficiales, centros de salud y hospitales p\u00fablicos de todo el pa\u00eds&#8221;.<\/p>\n\n\n\n<p>Mientras, Miriam Calvari, tambi\u00e9n del Comit\u00e9 de Infectolog\u00eda de la instituci\u00f3n pedi\u00e1trica, se\u00f1al\u00f3: &#8220;La vacunaci\u00f3n completa es una herramienta fundamental para lograr una inmunidad robusta capaz de prevenir infecciones potencialmente muy graves en ni\u00f1as, ni\u00f1os y adolescentes, y es una estrategia sanitaria esencial para evitar el impacto de las enfermedades inmunoprevenibles en la comunidad&#8221;.<\/p>\n\n\n\n<p>Las especialistas afirmaron que coberturas incompletas o muy bajas de vacunaci\u00f3n facilitan la aparici\u00f3n de enfermedades como la hepatitis A, enfermedades invasivas por Haemophilus influenzae tipo B (Hib), difteria y t\u00e9tanos e incluso algunas erradicadas, como s\u00edndrome de rub\u00e9ola cong\u00e9nita.<\/p>\n\n\n\n<p>Desde la Sociedad Argentina de Pediatr\u00eda detallan las vacunas incluidas en el Calendario Nacional de Vacunaci\u00f3n (gratuito y obligatorio) vigente en nuestro pa\u00eds.<\/p>\n\n\n\n<p>Dentro de los 18 meses de edad, las vacunas son: BCG y Hepatitis B en reci\u00e9n nacidos, Neumoc\u00f3cica Conjugada 13 valente, Qu\u00edntuple o Pentavalente, antipoliomiel\u00edtica (Salk), contra la varicela, contra el rotavirus, contra el meningococo ACYW, antigripal (a partir de los 6 meses de edad), contra la hepatitis A, Triple Viral (sarampi\u00f3n, rub\u00e9ola, y paperas) y contra fiebre amarilla (en zonas de riesgo).<\/p>\n\n\n\n<p>Entre los 5 y 6 a\u00f1os de edad, con el ingreso escolar: Vacuna antipoliomiel\u00edtica (Salk), Triple viral (sarampi\u00f3n, rub\u00e9ola y paperas), Triple bacteriana celular, antigripal para ni\u00f1os con factores de riesgo (una dosis cada a\u00f1o) y contra la varicela (2da dosis &#8211; recientemente incorporada al calendario nacional de inmunizaciones)<\/p>\n\n\n\n<p>A los 11 a\u00f1os de edad, la vacunaci\u00f3n es importante porque contempla &#8220;recibir refuerzos para prolongar la protecci\u00f3n de vacunas de la infancia (vacuna triple bacteriana); iniciar o completar esquemas (vacuna contra hepatitis B y vacuna triple viral); reforzar el efecto indirecto de la vacunaci\u00f3n contra meningococo, que busca reducir la portaci\u00f3n nasal de esta bacteria en adolescentes y con ello proteger a los grupos vulnerables; y prevenir enfermedades propias de la edad (vacuna contra el Virus del Papiloma Humano &#8211; HPV).<\/p>\n\n\n\n<p>Respecto a la vacunaci\u00f3n contra el Covid-19, desde SAP informaron que las y los ni\u00f1os deben comenzar a recibir las vacunas a partir de los 6 meses de vida.<\/p>\n\n\n\n<p>Toda la informaci\u00f3n sobre las vacunas en los diversos rangos etarios de NNyA puede obtenerse, tambi\u00e9n, en el sitio web de la campa\u00f1a, www.vacunameatiempo.com.<\/p>\n\n\n\n<p>La SAP record\u00f3 que, a trav\u00e9s de su cooperaci\u00f3n con otros organismos internacionales (como UNICEF y OPS) y su integraci\u00f3n a la Asociaci\u00f3n Latinoamericana de Pediatr\u00eda (ALAPE) y a la Asociaci\u00f3n Internacional de Pediatr\u00eda (IPA), y el Foro de Sociedades de Pediatr\u00eda del Cono Sur (FOSPECS), participa del movimiento pedi\u00e1trico mundial.<\/p>\n","protected":false},"excerpt":{"rendered":"<p>La Sociedad Argentina de Pediatr\u00eda (SAP) lanza hoy la campa\u00f1a denominada &#8216;Vuelta al Cole. Vacuname a tiempo&#8217; con el objetivo de promover la vacunaci\u00f3n gratuita y obligatoria que marca el Calendario Nacional de Inmunizaci\u00f3n para todos los ni\u00f1os, ni\u00f1as y adolescentes aprovechando el inicio escolar. Bajo los hashtags #VacunameATiempo, #VueltaAlCole, #Vacunaci\u00f3n, #CalendarioNacional y #LasVacunasSalvanVidas, la [&hellip;]<\/p>\n","protected":false},"author":1,"featured_media":5117,"comment_status":"open","ping_status":"open","sticky":false,"template":"","format":"standard","meta":{"_monsterinsights_skip_tracking":false,"_monsterinsights_sitenote_active":false,"_monsterinsights_sitenote_note":"","_monsterinsights_sitenote_category":0,"footnotes":""},"categories":[151],"tags":[160],"class_list":["post-7372","post","type-post","status-publish","format-standard","has-post-thumbnail","hentry","category-salud","tag-160"],"_links":{"self":[{"href":"https:\/\/news.digitaltv.com.ar\/index.php?rest_route=\/wp\/v2\/posts\/7372","targetHints":{"allow":["GET"]}}],"collection":[{"href":"https:\/\/news.digitaltv.com.ar\/index.php?rest_route=\/wp\/v2\/posts"}],"about":[{"href":"https:\/\/news.digitaltv.com.ar\/index.php?rest_route=\/wp\/v2\/types\/post"}],"author":[{"embeddable":true,"href":"https:\/\/news.digitaltv.com.ar\/index.php?rest_route=\/wp\/v2\/users\/1"}],"replies":[{"embeddable":true,"href":"https:\/\/news.digitaltv.com.ar\/index.php?rest_route=%2Fwp%2Fv2%2Fcomments&post=7372"}],"version-history":[{"count":1,"href":"https:\/\/news.digitaltv.com.ar\/index.php?rest_route=\/wp\/v2\/posts\/7372\/revisions"}],"predecessor-version":[{"id":7373,"href":"https:\/\/news.digitaltv.com.ar\/index.php?rest_route=\/wp\/v2\/posts\/7372\/revisions\/7373"}],"wp:featuredmedia":[{"embeddable":true,"href":"https:\/\/news.digitaltv.com.ar\/index.php?rest_route=\/wp\/v2\/media\/5117"}],"wp:attachment":[{"href":"https:\/\/news.digitaltv.com.ar\/index.php?rest_route=%2Fwp%2Fv2%2Fmedia&parent=7372"}],"wp:term":[{"taxonomy":"category","embeddable":true,"href":"https:\/\/news.digitaltv.com.ar\/index.php?rest_route=%2Fwp%2Fv2%2Fcategories&post=7372"},{"taxonomy":"post_tag","embeddable":true,"href":"https:\/\/news.digitaltv.com.ar\/index.php?rest_route=%2Fwp%2Fv2%2Ftags&post=7372"}],"curies":[{"name":"wp","href":"https:\/\/api.w.org\/{rel}","templated":true}]}}