{"id":7422,"date":"2023-02-08T09:17:45","date_gmt":"2023-02-08T12:17:45","guid":{"rendered":"https:\/\/news.digitaltv.com.ar\/?p=7422"},"modified":"2023-02-09T09:22:52","modified_gmt":"2023-02-09T12:22:52","slug":"sileoni-en-la-provincia-el-unico-camino-posible-es-axel-kicillof-gobernador-2023-2027","status":"publish","type":"post","link":"https:\/\/news.digitaltv.com.ar\/?p=7422","title":{"rendered":"SILEONI: &#8220;EN LA PROVINCIA, EL \u00daNICO CAMINO POSIBLE ES AXEL KICILLOF GOBERNADOR 2023-2027&#8221;"},"content":{"rendered":"\n<p>El director general de Cultura y Educaci\u00f3n bonaerense, Alberto Sileoni, consider\u00f3 hoy que &#8220;en la provincia, el \u00fanico camino posible&#8221; del Frente de Todos (FdT) &#8220;es Axel Kicillof gobernador 2023-2027&#8221; y evalu\u00f3 que la reelecci\u00f3n del mandatario conducir\u00eda al pueblo &#8220;m\u00e1s cerca de la dignidad y de resolver las deudas&#8221; que existen en el territorio.<\/p>\n\n\n\n<p>Al ser consultado por radio Provincia sobre los comicios generales del mes de octubre, el funcionario plante\u00f3 que &#8220;nuestro candidato en la provincia para reeditar la gobernaci\u00f3n tiene que ser Axel Kicillof. Tenemos que repetir la f\u00f3rmula con Ver\u00f3nica Magario, eso es lo que pensamos muchos&#8221;.<\/p>\n\n\n\n<p>&#8220;Esta gesti\u00f3n de gobierno se merece un nuevo mandato y 8 a\u00f1os de gobierno de Kicillof nos llevar\u00edan m\u00e1s cerca de la dignidad y de resolver las deudas que tiene la Provincia&#8221;, subray\u00f3 el funcionario.<\/p>\n\n\n\n<p>Sileoni indici\u00f3 adem\u00e1s que &#8220;en materia nacional, la conducci\u00f3n es la Vicepresidenta&#8221; Cristina Fern\u00e1ndez de Kirchner, y estim\u00f3 que &#8220;habr\u00e1 que ver cu\u00e1l es su decisi\u00f3n&#8221; en relaci\u00f3n a si rev\u00e9 su decisi\u00f3n de no presentarse como candidata en las pr\u00f3ximas elecciones.<\/p>\n\n\n\n<p>&#8220;Si ella (Cristina Fern\u00e1ndez) no es candidata, muchos pensamos que un camino puede ser que haya PASO para decidir cu\u00e1l ser\u00e1 el candidato. Lo ideal ser\u00eda ir a una competencia interna en la que compitan todas las vertientes del FdT&#8221;, sostuvo.<\/p>\n\n\n\n<p>Sileoni tambi\u00e9n celebr\u00f3 la conformaci\u00f3n de una mesa del FdT, en funci\u00f3n de una convocatoria formulada por el presidente Alberto Fern\u00e1ndez, y consider\u00f3 como algo &#8220;importante&#8221; que el espacio avance hacia una &#8220;institucionalizaci\u00f3n&#8221;.<\/p>\n\n\n\n<p>&#8220;No nos molestan ni nos alarman los desacuerdos, tenemos procedencias distintas y el \u00fanico camino es discutir mucho adentro y no veo que haya peligro de fractura&#8221;, reflexion\u00f3 y opin\u00f3 que el peronismo debe &#8220;construir una alternativa nacional competitiva. No tenemos dudas de que en la provincia, el \u00fanico camino posible es Axel gobernador 2023-2027&#8221;, subray\u00f3.<\/p>\n\n\n\n<p>Por otro lado, Sileoni puso de relieve el hecho de que &#8220;por cuarto a\u00f1o consecutivo, las clases van a comenzar el 1\u00b0 de marzo sin paros&#8221;, algo que &#8220;no era normal&#8221; ya que &#8220;los bonaerenses sab\u00edamos que a fines de febrero empezaba la angustia de no saber si las clases empezaban o no&#8221; y expuso que &#8220;esto es un avance de la sociedad entera, es un valor a destacar&#8221;.<\/p>\n\n\n\n<p>&#8220;Otro cambio es que la decisi\u00f3n pol\u00edtica de Kicillof fue trabajar de manera preventiva de cara al inicio de clases y envi\u00f3 a los consejos escolares el dinero para las obras y refacciones en diciembre. Distribuimos millones de pesos para que hagan desmalezamiento, arreglo de vidrios, limpieza de tanques, calefacci\u00f3n y arreglos menores en escuelas para que eso no se haga a \u00faltimo momento&#8221;, cerr\u00f3.<\/p>\n","protected":false},"excerpt":{"rendered":"<p>El director general de Cultura y Educaci\u00f3n bonaerense, Alberto Sileoni, consider\u00f3 hoy que &#8220;en la provincia, el \u00fanico camino posible&#8221; del Frente de Todos (FdT) &#8220;es Axel Kicillof gobernador 2023-2027&#8221; y evalu\u00f3 que la reelecci\u00f3n del mandatario conducir\u00eda al pueblo &#8220;m\u00e1s cerca de la dignidad y de resolver las deudas&#8221; que existen en el territorio. [&hellip;]<\/p>\n","protected":false},"author":2,"featured_media":5314,"comment_status":"open","ping_status":"open","sticky":false,"template":"","format":"standard","meta":{"_monsterinsights_skip_tracking":false,"_monsterinsights_sitenote_active":false,"_monsterinsights_sitenote_note":"","_monsterinsights_sitenote_category":0,"footnotes":""},"categories":[6],"tags":[160],"class_list":["post-7422","post","type-post","status-publish","format-standard","has-post-thumbnail","hentry","category-politica","tag-160"],"_links":{"self":[{"href":"https:\/\/news.digitaltv.com.ar\/index.php?rest_route=\/wp\/v2\/posts\/7422","targetHints":{"allow":["GET"]}}],"collection":[{"href":"https:\/\/news.digitaltv.com.ar\/index.php?rest_route=\/wp\/v2\/posts"}],"about":[{"href":"https:\/\/news.digitaltv.com.ar\/index.php?rest_route=\/wp\/v2\/types\/post"}],"author":[{"embeddable":true,"href":"https:\/\/news.digitaltv.com.ar\/index.php?rest_route=\/wp\/v2\/users\/2"}],"replies":[{"embeddable":true,"href":"https:\/\/news.digitaltv.com.ar\/index.php?rest_route=%2Fwp%2Fv2%2Fcomments&post=7422"}],"version-history":[{"count":1,"href":"https:\/\/news.digitaltv.com.ar\/index.php?rest_route=\/wp\/v2\/posts\/7422\/revisions"}],"predecessor-version":[{"id":7423,"href":"https:\/\/news.digitaltv.com.ar\/index.php?rest_route=\/wp\/v2\/posts\/7422\/revisions\/7423"}],"wp:featuredmedia":[{"embeddable":true,"href":"https:\/\/news.digitaltv.com.ar\/index.php?rest_route=\/wp\/v2\/media\/5314"}],"wp:attachment":[{"href":"https:\/\/news.digitaltv.com.ar\/index.php?rest_route=%2Fwp%2Fv2%2Fmedia&parent=7422"}],"wp:term":[{"taxonomy":"category","embeddable":true,"href":"https:\/\/news.digitaltv.com.ar\/index.php?rest_route=%2Fwp%2Fv2%2Fcategories&post=7422"},{"taxonomy":"post_tag","embeddable":true,"href":"https:\/\/news.digitaltv.com.ar\/index.php?rest_route=%2Fwp%2Fv2%2Ftags&post=7422"}],"curies":[{"name":"wp","href":"https:\/\/api.w.org\/{rel}","templated":true}]}}