{"id":757,"date":"2022-03-19T12:19:07","date_gmt":"2022-03-19T15:19:07","guid":{"rendered":"https:\/\/wp.digitaltv.com.ar\/?p=757"},"modified":"2022-03-20T12:21:55","modified_gmt":"2022-03-20T15:21:55","slug":"alberto-fernandez-anuncio-un-fondo-de-estabilizacion-y-convoco-a-todos-los-sectores-contra-la-inflacion","status":"publish","type":"post","link":"https:\/\/news.digitaltv.com.ar\/?p=757","title":{"rendered":"Alberto Fern\u00e1ndez anunci\u00f3 un &#8220;fondo de estabilizaci\u00f3n&#8221; y convoc\u00f3 a todos los sectores &#8220;contra la inflaci\u00f3n&#8221;"},"content":{"rendered":"\n<p>El presidente Alberto Fern\u00e1ndez anunci\u00f3 hoy la creaci\u00f3n de &#8220;un fondo de<br>estabilizaci\u00f3n&#8221; para combatir la suba de precios en un marco de volatilidad<br>en el comercio internacional de materias primas, energ\u00eda y alimentos, a la<br>vez que convoc\u00f3 a los sectores productivos y de la econom\u00eda popular, a<br>lograr acuerdos que permitan &#8220;luchar contra la inflaci\u00f3n y proteger la mesa<br>de los argentinos\u201d.<br>A trav\u00e9s de un discurso grabado desde la Quinta de Olivos, el mandatario<br>destac\u00f3 el efecto que la guerra entre Rusia y Ucrania provoca en la<br>econom\u00eda argentina e hizo un an\u00e1lisis de la coyuntura internacional y las<br>respuestas a las que el Estado nacional apelar\u00e1 para moderar el impacto en<br>los precios del mercado local y, en consecuencia, del poder adquisitivo de<br>los trabajadores.<br>El discurso de casi 18 minutos se grab\u00f3 a \u00faltima hora de la tarde, luego<br>que el Presidente, al regreso de su visita a la provincia de Tucum\u00e1n,<br>trabajara los detalles de sus anuncios en una reuni\u00f3n de la que<br>participaron el ministro de Econom\u00eda, Mart\u00edn Guzm\u00e1n; el de Desarrollo<br>Productivo, Mat\u00edas Kulfas; el de Agricultura, Ganader\u00eda y Pesca, Juli\u00e1n<br>Dom\u00ednguez; el de Trabajo, Claudio Moroni, la vicecanciller Cecilia Todesca<br>Bocco, y la titular de la AFIP, Mercedes Marco del Pont.<br>Varios de ellos tendr\u00e1n desde ma\u00f1ana la tarea de dar a conocer los detalles<br>de las medidas del Gobierno nacional, cuyos objetivos generales fueron<br>presentados hoy, y de buscar los acercamientos con distintos sectores para<br>la implementaci\u00f3n de lo que defini\u00f3 como &#8220;soluciones extraordinarias&#8221; ante<br>&#8220;una situaci\u00f3n extraordinaria&#8221;.<br>En su mensaje, el Presidente resalt\u00f3 la nueva etapa que se abre para el<br>desarrollo del pa\u00eds a partir de la sanci\u00f3n en el Congreso, anoche, del<br>acuerdo alcanzado con el Fondo Monetario Internacional para avanzar en un<br>Programa de Facilidades Extendidas que reestructura la deuda de m\u00e1s de<br>44.000 millones de d\u00f3lares contra\u00edda en 2018..<br>&#8220;Eso era necesario para que las empresas argentinas pudieran acceder al<br>cr\u00e9dito. Ahora podemos desatar todas las oportunidades productivas de<br>nuestro pa\u00eds. Adem\u00e1s, podremos financiar el gasto de capital de nuestro<br>gobierno, con organismos internacionales y bilaterales, as\u00ed como tambi\u00e9n<br>seguir fortaleciendo el financiamiento interno. Esto nos permitir\u00e1 depender<br>menos de la emisi\u00f3n monetaria y hacer que nuestro Banco Central se<br>fortalezca&#8221;, rese\u00f1\u00f3.<br>Se presenta as\u00ed para el pa\u00eds una oportunidad para avanzar en consensos<br>necesarios entre los distintos sectores para &#8220;encontrar acuerdos que ayuden<br>a bajar la inflaci\u00f3n y garantizar el aumento del poder adquisitivo de los<br>salarios&#8221;, sostuvo.<br>&#8220;Estamos en un momento bisagra de la historia argentina y mundial. Me doy<br>cuenta que hoy se suman nuevas tensiones a viejos desaf\u00edos que no supimos o<br>pudimos encarar de los cuales la inflaci\u00f3n es un fen\u00f3meno hist\u00f3rico en la<br>Argentina, casi una maldici\u00f3n con la que muchos y muchas hemos crecido&#8221;,<br>plante\u00f3 el mandatario.<br>No obstante esa b\u00fasqueda de acuerdos, Fern\u00e1ndez advirti\u00f3 que &#8220;la batalla es<br>contra los especuladores y los codiciosos&#8221; por lo que su administraci\u00f3n no<br>va a dejar de &#8220;controlar y fiscalizar precios&#8221; e incluso &#8220;aplicar la ley de<br>abastecimiento&#8221; si lo considera necesario.<br>\u201cSer\u00eda absurdo cargar en la guerra la culpa de nuestra inflaci\u00f3n. Pero la<br>verdad es que est\u00e1 incidiendo negativamente y causando mayores problemas\u201d,<br>dijo Fern\u00e1ndez al presentar el escenario de la coyuntura internacional por<br>el conflicto en Ucrania y su afectaci\u00f3n a la macroeconom\u00eda local, a lo que<br>reafirm\u00f3: &#8220;La inflaci\u00f3n es un serio problema para los argentinos y<br>argentinas y la guerra lo agrava&#8221;.<br>El incremento de los precios del trigo \u201char\u00eda que aumenten los costos de<br>producci\u00f3n del pan, de los fideos, de la harina que millones de argentinos<br>y argentinos\u201d consumen, detall\u00f3 el mandatario al se\u00f1alar que, ante esta<br>suba y la de otras materias primas, su deber en la Jefatura de Estado es<br>&#8220;proteger a los argentinos de este fen\u00f3meno inesperado y que ojal\u00e1 sea<br>transitorio\u201d.<br>&#8220;He decidido constituir un fondo de estabilizaci\u00f3n con el objetivo de<br>evitar el traslado de esta suba del precio internacional al precio que<br>pagan los argentinos y argentinas\u201d, anunci\u00f3 Fern\u00e1ndez.<br>Adem\u00e1s, instruy\u00f3 a sus ministros para que &#8220;tomen las medidas necesarias y<br>ellos ser\u00e1n los encargados de comunicarlas a partir de ma\u00f1ana. Garantizar<br>el pan en la mesa de las argentinos es fundamental y est\u00e1 en el centro de<br>las decisiones que estamos tomando ante esta emergencia\u201d<br>Los ministros \u201cser\u00e1n los encargados de mantenerlos informados diariamente<br>sobre las medidas que se ir\u00e1n implementado desde este mismo momento.<br>Estamos en una situaci\u00f3n extraordinaria que requiere soluciones<br>extraordinarias\u201d.<br>En ese sentido, ya se anunci\u00f3 que el ministro de Agricultura ofrecer\u00e1<br>ma\u00f1ana a las 11 una rueda de prensa en la sede de la cartera agr\u00edcola.<br>Fern\u00e1ndez tambi\u00e9n adelant\u00f3 que desde este lunes convocar\u00e1 &#8220;a los<br>representantes de los sectores productivos, empresarios, trabajadores<br>formales y de la econom\u00eda popular, representantes del campo y el comercio,<br>la peque\u00f1a y mediana empresa y la sociedad civil a una mesa de acuerdo que<br>nos permita dise\u00f1ar un ma\u00f1ana en la lucha contra la inflaci\u00f3n\u201d.<br>\u201cConfiamos en encontrar acuerdos que ayuden a bajar la inflaci\u00f3n y a<br>garantizar el aumento del poder adquisitivo de los salarios\u201d, dijo el<br>mandatario, pero tambi\u00e9n advirti\u00f3: &#8220;No vamos a dejar de controlar y<br>fiscalizar precios, aplicar la ley de abastecimiento si es necesario y<br>utilizar todos los instrumentos con los que cuenta el estado para cumplir<br>con el objetivo de controlar los precios\u201d.<br>En ese mismo sentido, el mandatario agreg\u00f3 que \u201cla batalla hoy es contra<br>los especuladores, contra los codiciosos, contra quienes buscan a\u00fan en<br>situaciones tan complejas sacar una renta extraordinaria, contra los<br>agoreros de siempre, que intentar\u00e1n instalar el s\u00e1lvese quien pueda o<br>buscar culpables r\u00e1pidos y respuestas sencillas\u201d.<br>\u201cNo me cansar\u00e9 de repetirlo: nadie se salva solo. Escuchar\u00e9 sus propuestas<br>y sus preocupaciones y les transmitir\u00e9 los caminos que estamos<br>recorriendo\u201d, asegur\u00f3 y apunt\u00f3 a que \u201ces hora que cada sector pueda pensar<br>cu\u00e1l es su contribuci\u00f3n a este momento crucial del mundo y de Argentina\u201d.<\/p>\n","protected":false},"excerpt":{"rendered":"<p>El presidente Alberto Fern\u00e1ndez anunci\u00f3 hoy la creaci\u00f3n de &#8220;un fondo deestabilizaci\u00f3n&#8221; para combatir la suba de precios en un marco de volatilidaden el comercio internacional de materias primas, energ\u00eda y alimentos, a lavez que convoc\u00f3 a los sectores productivos y de la econom\u00eda popular, alograr acuerdos que permitan &#8220;luchar contra la inflaci\u00f3n y proteger [&hellip;]<\/p>\n","protected":false},"author":8,"featured_media":759,"comment_status":"open","ping_status":"open","sticky":false,"template":"","format":"standard","meta":{"_monsterinsights_skip_tracking":false,"_monsterinsights_sitenote_active":false,"_monsterinsights_sitenote_note":"","_monsterinsights_sitenote_category":0,"footnotes":""},"categories":[6],"tags":[160],"class_list":["post-757","post","type-post","status-publish","format-standard","has-post-thumbnail","hentry","category-politica","tag-160"],"_links":{"self":[{"href":"https:\/\/news.digitaltv.com.ar\/index.php?rest_route=\/wp\/v2\/posts\/757","targetHints":{"allow":["GET"]}}],"collection":[{"href":"https:\/\/news.digitaltv.com.ar\/index.php?rest_route=\/wp\/v2\/posts"}],"about":[{"href":"https:\/\/news.digitaltv.com.ar\/index.php?rest_route=\/wp\/v2\/types\/post"}],"author":[{"embeddable":true,"href":"https:\/\/news.digitaltv.com.ar\/index.php?rest_route=\/wp\/v2\/users\/8"}],"replies":[{"embeddable":true,"href":"https:\/\/news.digitaltv.com.ar\/index.php?rest_route=%2Fwp%2Fv2%2Fcomments&post=757"}],"version-history":[{"count":1,"href":"https:\/\/news.digitaltv.com.ar\/index.php?rest_route=\/wp\/v2\/posts\/757\/revisions"}],"predecessor-version":[{"id":760,"href":"https:\/\/news.digitaltv.com.ar\/index.php?rest_route=\/wp\/v2\/posts\/757\/revisions\/760"}],"wp:featuredmedia":[{"embeddable":true,"href":"https:\/\/news.digitaltv.com.ar\/index.php?rest_route=\/wp\/v2\/media\/759"}],"wp:attachment":[{"href":"https:\/\/news.digitaltv.com.ar\/index.php?rest_route=%2Fwp%2Fv2%2Fmedia&parent=757"}],"wp:term":[{"taxonomy":"category","embeddable":true,"href":"https:\/\/news.digitaltv.com.ar\/index.php?rest_route=%2Fwp%2Fv2%2Fcategories&post=757"},{"taxonomy":"post_tag","embeddable":true,"href":"https:\/\/news.digitaltv.com.ar\/index.php?rest_route=%2Fwp%2Fv2%2Ftags&post=757"}],"curies":[{"name":"wp","href":"https:\/\/api.w.org\/{rel}","templated":true}]}}