{"id":7632,"date":"2023-02-28T11:20:07","date_gmt":"2023-02-28T14:20:07","guid":{"rendered":"https:\/\/news.digitaltv.com.ar\/?p=7632"},"modified":"2023-02-28T11:20:30","modified_gmt":"2023-02-28T14:20:30","slug":"historico-con-messi-a-la-cabeza-argentina-gano-todos-los-premios-the-best","status":"publish","type":"post","link":"https:\/\/news.digitaltv.com.ar\/?p=7632","title":{"rendered":"HIST\u00d3RICO: CON MESSI A LA CABEZA ARGENTINA GAN\u00d3 TODOS LOS PREMIOS THE BEST"},"content":{"rendered":"\n<p>Argentina, en un hecho hist\u00f3rico y con el crack rosarino Lionel Messi a la cabeza, arras\u00f3 hoy en los premios The Best, al ganar las cuatro nominaciones que incluyeron a Lionel Scaloni, Emiliano &#8220;Dibu&#8221; Mart\u00ednez y a la mejor hinchada en Qatar 2022.<\/p>\n\n\n\n<p>La ceremonia organizada por la FIFA en Par\u00eds, Francia, tuvo un acento argentino muy marcado, con reminiscencias directas a la \u00faltima Copa del Mundo, donde la Argentina se consagr\u00f3 campeona con el triunfo por penales ante el seleccionado galo, en una de las finales m\u00e1s electrizantes en la historia de los mundiales.<\/p>\n\n\n\n<p>El \u00e9pico triunfo en Qatar tuvo un peso fundamental para que la Argentina se quedara con los galardones de la FIFA.<\/p>\n\n\n\n<p>Messi, el gran ganador de la noche parisina, obtuvo por segunda vez el premio The Best. La vez anterior se produjo en 2019. Su f\u00fatbol, sus goles y liderazgo fueron clave para que la Argentina pusiese fin a la sequ\u00eda mundialista, desde M\u00e9xico 1986.<\/p>\n\n\n\n<p>La estrella argentina se proclam\u00f3 ganador en la terna que comparti\u00f3 con los franceses Karim Benzema (no asisti\u00f3 al igual que el resto de sus compa\u00f1eros del Real Madrid de Espa\u00f1a) y Kylian Mbapp\u00e9.<\/p>\n\n\n\n<p>El crack rosarino, acompa\u00f1ado de su esposa Antonela Roccuzzo, acapar\u00f3 todos los flashes, con un traje negro, mo\u00f1o incluido, y brillos en las solapas.<\/p>\n\n\n\n<p>A su vez, Messi integr\u00f3 el equipo ideal de la FIFA. Con 16 apariciones, el ex Barcelona super\u00f3 al portugu\u00e9s Cristiano Ronaldo y se adue\u00f1\u00f3 del r\u00e9cord.<\/p>\n\n\n\n<p>&#8220;Pude conseguir mi sue\u00f1o, de ganar el Mundial. Gracias a la gente de Argentina por ese mes que vivimos&#8221;, dijo Messi.<\/p>\n\n\n\n<p>El primer ganador en la fiesta de la FIFA fue &#8220;Dibu&#8221; Mart\u00ednez, quien compiti\u00f3 con el marroqu\u00ed Yassine Bounou y el belga Thibaut Courtois. De esta manera, el jugador de Arsenal de Inglaterra se convirti\u00f3 en el primer argentino en ganar un premio individual al mejor arquero del a\u00f1o.<\/p>\n\n\n\n<p>&#8220;Es algo muy lindo para mi carrera. Es un orgullo para mi pa\u00eds. Ganar un Mundial despu\u00e9s de 36 a\u00f1os es hermoso. Jugar en la Selecci\u00f3n era el sue\u00f1o de mi vida&#8221;, expres\u00f3 Mart\u00ednez.<\/p>\n\n\n\n<p>En tanto, Scaloni obtuvo su primer gran reconocimiento personal al vencer en la terna al italiano Carlo Ancelotti y al espa\u00f1ol Josep Guardiola.<\/p>\n\n\n\n<p>&#8220;Le agradezco a los 26 que nos llevaron a la gloria. Sin ellos, no hubi\u00e9ramos conseguido nada&#8221;, dijo Scaloni, el mismo d\u00eda que anunci\u00f3 su continuidad en el seleccionado argentino, junto con el presidente de la AFA, Claudio Tapia.<\/p>\n\n\n\n<p>La fiesta argentina en Par\u00eds se complet\u00f3 con la menci\u00f3n a Mejor Hinchada. Los c\u00e1nticos, las banderas, el color y el aliento en Qatar se hicieron sentir en la competencia con Jap\u00f3n y el \u00e1rabe saud\u00ed Abdullah Al Salmi, quien camin\u00f3 55 d\u00edas por el desierto para estar presente en los partidos de su pa\u00eds.<\/p>\n\n\n\n<p>Carlos Pascual, popularmente conocido como &#8220;Tula&#8221;, subi\u00f3 para recibir el galard\u00f3n con su famoso bombo en mano, el mismo que el ex presidente Juan Domingo Per\u00f3n le regal\u00f3 en 1971.<\/p>\n\n\n\n<p>En la s\u00e9ptima edici\u00f3n de los premios The Best FIFA, la inglesa Mary Earps gan\u00f3 el galard\u00f3n como Mejor Arquera. La jugadora del Manchester United se impuso ante la chilena Christiane Endler y la alemana Ann-Katrin Berger.<\/p>\n\n\n\n<p>Por su parte, el futbolista polaco amputado Marcin Olesky obtuvo el premio Puskas por su gol ante Stal Rzeszow. Lo recibi\u00f3 en manos de Carli Lloyd y Alessandro Del Piero.<\/p>\n\n\n\n<p>La francesa Sonia Bompastor se consagr\u00f3 como Mejor Entrenadora en la terna que comparti\u00f3 con la sueca Pia Sundhage y la neerlandesa Sarina Weigman.<\/p>\n\n\n\n<p>La espa\u00f1ola Alexis Putellas se erigi\u00f3 una vez m\u00e1s como la Mejor Jugadora sobre la inglesa Beth Mead y la estadounidense Alex Morgan.<\/p>\n\n\n\n<p>El premio Fair Play qued\u00f3 en manos del georgiano Luka Lochoshvili, quien le salv\u00f3 la vida a Georg Teigl en la liga austr\u00edaca de f\u00fatbol.<\/p>\n\n\n\n<p>La presente edici\u00f3n de The Best comenz\u00f3 con un homenaje a la leyenda brasile\u00f1a Pel\u00e9, quien falleci\u00f3 el pasado 29 de diciembre de 2022.<\/p>\n\n\n\n<p>&#8220;Pel\u00e9 es eterno y siempre estar\u00e1 con nosotros&#8221;, dijo el presidente de la FIFA, Gianni Infantino, de presencia activa en la gala.<\/p>\n\n\n\n<p>En tanto, el ex delantero brasile\u00f1o Ronaldo, tambi\u00e9n particip\u00f3 del tributo a &#8220;O Rei&#8221;: &#8220;Cuando pienso en Pel\u00e9, veo un jugador muy diferente en su tiempo. Era extremadamente inteligente&#8221;.<\/p>\n\n\n\n<p>Ambos entregaron a Marcia Cibele Aoki, \u00faltima esposa de Pel\u00e9, un premio especial.<\/p>\n\n\n\n<p>El proceso de votaci\u00f3n de The Best cont\u00f3 de tres instancias: la primera, con el voto del p\u00fablico; la segunda, por parte de un grupo seleccionado de periodistas; y el restante integrado por los t\u00e9cnicos de las selecciones nacionales inscriptas en la FIFA y sus capitanes.<\/p>\n","protected":false},"excerpt":{"rendered":"<p>Argentina, en un hecho hist\u00f3rico y con el crack rosarino Lionel Messi a la cabeza, arras\u00f3 hoy en los premios The Best, al ganar las cuatro nominaciones que incluyeron a Lionel Scaloni, Emiliano &#8220;Dibu&#8221; Mart\u00ednez y a la mejor hinchada en Qatar 2022. La ceremonia organizada por la FIFA en Par\u00eds, Francia, tuvo un acento [&hellip;]<\/p>\n","protected":false},"author":1,"featured_media":7633,"comment_status":"open","ping_status":"open","sticky":false,"template":"","format":"standard","meta":{"_monsterinsights_skip_tracking":false,"_monsterinsights_sitenote_active":false,"_monsterinsights_sitenote_note":"","_monsterinsights_sitenote_category":0,"footnotes":""},"categories":[7],"tags":[158],"class_list":["post-7632","post","type-post","status-publish","format-standard","has-post-thumbnail","hentry","category-deportes","tag-158"],"_links":{"self":[{"href":"https:\/\/news.digitaltv.com.ar\/index.php?rest_route=\/wp\/v2\/posts\/7632","targetHints":{"allow":["GET"]}}],"collection":[{"href":"https:\/\/news.digitaltv.com.ar\/index.php?rest_route=\/wp\/v2\/posts"}],"about":[{"href":"https:\/\/news.digitaltv.com.ar\/index.php?rest_route=\/wp\/v2\/types\/post"}],"author":[{"embeddable":true,"href":"https:\/\/news.digitaltv.com.ar\/index.php?rest_route=\/wp\/v2\/users\/1"}],"replies":[{"embeddable":true,"href":"https:\/\/news.digitaltv.com.ar\/index.php?rest_route=%2Fwp%2Fv2%2Fcomments&post=7632"}],"version-history":[{"count":1,"href":"https:\/\/news.digitaltv.com.ar\/index.php?rest_route=\/wp\/v2\/posts\/7632\/revisions"}],"predecessor-version":[{"id":7634,"href":"https:\/\/news.digitaltv.com.ar\/index.php?rest_route=\/wp\/v2\/posts\/7632\/revisions\/7634"}],"wp:featuredmedia":[{"embeddable":true,"href":"https:\/\/news.digitaltv.com.ar\/index.php?rest_route=\/wp\/v2\/media\/7633"}],"wp:attachment":[{"href":"https:\/\/news.digitaltv.com.ar\/index.php?rest_route=%2Fwp%2Fv2%2Fmedia&parent=7632"}],"wp:term":[{"taxonomy":"category","embeddable":true,"href":"https:\/\/news.digitaltv.com.ar\/index.php?rest_route=%2Fwp%2Fv2%2Fcategories&post=7632"},{"taxonomy":"post_tag","embeddable":true,"href":"https:\/\/news.digitaltv.com.ar\/index.php?rest_route=%2Fwp%2Fv2%2Ftags&post=7632"}],"curies":[{"name":"wp","href":"https:\/\/api.w.org\/{rel}","templated":true}]}}