{"id":768,"date":"2022-03-19T19:41:46","date_gmt":"2022-03-19T22:41:46","guid":{"rendered":"https:\/\/wp.digitaltv.com.ar\/?p=768"},"modified":"2022-03-20T10:34:45","modified_gmt":"2022-03-20T13:34:45","slug":"brajer-hay-una-obligacion-para-que-todos-los-espacios-esten-adentro-de-esta-lista-de-unidad-del-peronismo","status":"publish","type":"post","link":"https:\/\/news.digitaltv.com.ar\/?p=768","title":{"rendered":"Brajer: &#8220;Hay una obligaci\u00f3n para que todos los espacios est\u00e9n adentro de esta lista de unidad del Peronismo&#8221;"},"content":{"rendered":"\n<p>El pr\u00f3ximo 27 de marzo se iban a desarrollar las elecciones en el Partido Justicialista para establecer qui\u00e9n conducir\u00eda ese espacio a nivel local. Finalmente, una de las listas se baj\u00f3 de la puja electoral (Ricardo Ruggeri), y de este modo el \u201cFrente Causa Peronista\u201d ser\u00e1 qui\u00e9n lidere el PJ pergaminense: Mariela Ghio (Presidenta) y Maximiliano Brajer (Vicepresidente). &nbsp;&nbsp;<\/p>\n\n\n\n<p><em>\u201cHace m\u00e1s de 16 a\u00f1os que el partido no est\u00e1 teniendo din\u00e1mica, no est\u00e1 teniendo movimiento, no tiene actividad, la derivaci\u00f3n casi l\u00f3gica de ese poco movimiento es que el Peronismo no est\u00e1 teniendo buenos resultados electorales en Pergamino\u201d,<\/em> indic\u00f3 Brajer en di\u00e1logo con el programa \u201cEsto es lo que Hay\u201d. <em>\u201cLo primero y principal es conseguir un espacio f\u00edsico apropiado para el Partido. Debemos tener una agenda moderna, amplia, que se inserte plenamente en la agenda de la ciudad, que tenga presencia en aquellos espacios en los cuales o nunca los tuvo o los dej\u00f3 de tener. No tenemos presencia en la Universidad, en los centros de estudiantes. Para mi es fundamental la actividad del Partido Justicialista de cara a los procesos eleccionarios, en la formaci\u00f3n de cuadros, en la capacidad de sintetizar qu\u00e9 modelo de Peronismo se necesita. Buscar y preparar a aquellas personas que sean capaces y que tengan las virtudes necesarias para ir a un proceso eleccionario, no a salir segundo, porque la m\u00edtica y la magia de encarar un proceso eleccionario con la clara convicci\u00f3n de ir hacia una victoria hay que recuperarla. Se intent\u00f3 desde el macrismo y desde el Gobierno municipal instalar el \u201cno vuelven m\u00e1s\u201d; se volvi\u00f3 en Naci\u00f3n, se volvi\u00f3 en Provincia y vamos a volver a nivel local. Es una falacia pretender que el peronismo no va a ganar en pergamino porque el peronismo ha sido un factor fundamental en los procesos electorales\u201d<\/em>, prosigui\u00f3 el entrevistado. &nbsp;<\/p>\n\n\n\n<p>Brajer analiz\u00f3 los motivos de la p\u00e9rdida de terreno del Justicialismo a nivel local y del crecimiento de Juntos. <em>\u201cLo que pas\u00f3 con Javier Mart\u00ednez es porque el Peronismo est\u00e1 atomizado, no esta org\u00e1nico. En esa din\u00e1mica de dar organicidad, ser el espacio para dar los debates de forma genuina y de coraz\u00f3n, porque as\u00ed son las discusiones dentro del peronismo\u201d.<\/em><\/p>\n\n\n\n<p>Por \u00faltimo, el flamante Vicepresidente del PJ pergaminense dio su visi\u00f3n sobre la conformaci\u00f3n de la \u201clista de unidad\u201d y el llamado a los espacios que no est\u00e1n incluidos a sumarse en un mismo bloque. <em>\u201cEra necesario que la lista sea de unidad, para eso se busc\u00f3 una figura que tenga todo el conceso necesario, de todos los espacios, y que sea incuestionable. Y esa designaci\u00f3n recay\u00f3 en la figura de Mariela. Hacia abajo la distribuci\u00f3n de cargos intent\u00f3 contener a todos los sectores y espacios siendo representativos en funci\u00f3n de la fuerza pol\u00edtica de cada uno\u201d<\/em>. Y agreg\u00f3: <em>\u201cHay una obligaci\u00f3n para que todos los espacios est\u00e9n adentro de esta lista de unidad. Hay una obligaci\u00f3n moral de la conducci\u00f3n del Partido Justicialista de llamar a todos los compa\u00f1eros, a aquellos que no se sienten todav\u00eda representados, sino as\u00ed le hacemos el \u00b4caldo gordo\u00b4 a lo que est\u00e1 enfrente, y lo que est\u00e1 enfrente es peor.<\/em><br><em>Eso es importante que lo entiendan extra\u00f1os, pero fundamentalmente propios. Y esos propios tienen que venir, sumarse y dar la discusi\u00f3n adentro, eso es lo que tenemos que lograr\u201d.<\/em> &nbsp;<\/p>\n","protected":false},"excerpt":{"rendered":"<p>Maximiliano Brajer, qui\u00e9n asumir\u00e1 como vicepresidente del Justicialismo en Pergamino, dio detalles de los ejes de su gesti\u00f3n, y analiz\u00f3 la actualidad del peronismo local.  <\/p>\n","protected":false},"author":3,"featured_media":769,"comment_status":"open","ping_status":"open","sticky":false,"template":"","format":"standard","meta":{"_monsterinsights_skip_tracking":false,"_monsterinsights_sitenote_active":false,"_monsterinsights_sitenote_note":"","_monsterinsights_sitenote_category":0,"footnotes":""},"categories":[152],"tags":[158],"class_list":["post-768","post","type-post","status-publish","format-standard","has-post-thumbnail","hentry","category-pergamino","tag-158"],"_links":{"self":[{"href":"https:\/\/news.digitaltv.com.ar\/index.php?rest_route=\/wp\/v2\/posts\/768","targetHints":{"allow":["GET"]}}],"collection":[{"href":"https:\/\/news.digitaltv.com.ar\/index.php?rest_route=\/wp\/v2\/posts"}],"about":[{"href":"https:\/\/news.digitaltv.com.ar\/index.php?rest_route=\/wp\/v2\/types\/post"}],"author":[{"embeddable":true,"href":"https:\/\/news.digitaltv.com.ar\/index.php?rest_route=\/wp\/v2\/users\/3"}],"replies":[{"embeddable":true,"href":"https:\/\/news.digitaltv.com.ar\/index.php?rest_route=%2Fwp%2Fv2%2Fcomments&post=768"}],"version-history":[{"count":3,"href":"https:\/\/news.digitaltv.com.ar\/index.php?rest_route=\/wp\/v2\/posts\/768\/revisions"}],"predecessor-version":[{"id":906,"href":"https:\/\/news.digitaltv.com.ar\/index.php?rest_route=\/wp\/v2\/posts\/768\/revisions\/906"}],"wp:featuredmedia":[{"embeddable":true,"href":"https:\/\/news.digitaltv.com.ar\/index.php?rest_route=\/wp\/v2\/media\/769"}],"wp:attachment":[{"href":"https:\/\/news.digitaltv.com.ar\/index.php?rest_route=%2Fwp%2Fv2%2Fmedia&parent=768"}],"wp:term":[{"taxonomy":"category","embeddable":true,"href":"https:\/\/news.digitaltv.com.ar\/index.php?rest_route=%2Fwp%2Fv2%2Fcategories&post=768"},{"taxonomy":"post_tag","embeddable":true,"href":"https:\/\/news.digitaltv.com.ar\/index.php?rest_route=%2Fwp%2Fv2%2Ftags&post=768"}],"curies":[{"name":"wp","href":"https:\/\/api.w.org\/{rel}","templated":true}]}}