{"id":7730,"date":"2023-03-06T08:55:45","date_gmt":"2023-03-06T11:55:45","guid":{"rendered":"https:\/\/news.digitaltv.com.ar\/?p=7730"},"modified":"2023-03-07T11:41:34","modified_gmt":"2023-03-07T14:41:34","slug":"el-intendente-de-san-nicolas-excluyo-a-ioma-y-el-gobierno-provincial-tildo-de-irresponsable","status":"publish","type":"post","link":"https:\/\/news.digitaltv.com.ar\/?p=7730","title":{"rendered":"EL INTENDENTE DE SAN NICOL\u00c1S EXCLUY\u00d3 A IOMA Y EL GOBIERNO PROVINCIAL TILD\u00d3 DE &#8220;IRRESPONSABLE&#8221;"},"content":{"rendered":"\n<p>El intendente de San Nicol\u00e1s, Manuel Passaglia (Juntos por el Cambio), anunci\u00f3 que a partir de abril dejar\u00e1 a los trabajadores municipales sin la Obra M\u00e9dico Asistencial (IOMA) como prestaci\u00f3n de salud, decisi\u00f3n que desde el Gobierno bonaerense calificaron de &#8220;irresponsable&#8221;.<\/p>\n\n\n\n<p>Passaglia present\u00f3 ante el Concejo Deliberante un proyecto que se aprob\u00f3 el viernes pasado para que los empleados municipales dejen de tener la cobertura m\u00e9dica de la obra social bonaerense y pasen en abril a tener una nueva prestaci\u00f3n, bajo el pretexto de que IOMA presta un servicio &#8220;deficiente&#8221; y tiene atraso en el pago a los prestadores.<\/p>\n\n\n\n<p>&#8220;Creemos que todos merecen poder atenderse con el m\u00e9dico que elijan y donde quieran; y los m\u00e9dicos cobrar en tiempo y forma por esas prestaciones. Eso con IOMA no pasa&#8221;, poste\u00f3 el jefe comunal en sus redes sociales.<\/p>\n\n\n\n<p>La decisi\u00f3n fue celebrada por el expresidente Mauricio Macri, quien se hizo eco en Twitter: &#8220;Los felicito. Se tienen que caer todas las vacas sagradas. Hora de terminar con todos los sistemas ineficientes, corporativos y mafiosos que se apoderaron de la Argentina&#8221;.<\/p>\n\n\n\n<p>En respuesta a esta decisi\u00f3n del jefe comunal, el ministro de Salud de la Provincia, Nicol\u00e1s Kreplak, poste\u00f3 en su de Twitter: &#8220;Otro cap\u00edtulo del PRO que toma decisiones pol\u00edticas sin medir el impacto sanitario: pretenden dejar sin cobertura a trabajadores de San Nicol\u00e1s y esa medida es irresponsable. Se nota mucho que el objetivo es quitar al Estado mintiendo sobre su funcionamiento y la eficiencia&#8221;.<\/p>\n\n\n\n<p>&#8220;Sabemos de las irresponsabilidades de Macri y el PRO. El pueblo paga sus acciones. \u00c9l en un minuto nos endeud\u00f3 en 100 mil millones para financiar su campa\u00f1a electoral y ayudar a sus amigos&#8221;, agreg\u00f3 el funcionario bonaerense.<\/p>\n\n\n\n<p>Kreplak tambi\u00e9n sostuvo que &#8220;en 2020, IOMA ten\u00eda una deuda de m\u00e1s de $10 mil millones. Recibimos una obra social obsoleta e ineficiente y hoy: est\u00e1 digitalizada, sostiene toda la red prestacional y suma m\u00e1s de 90 policonsultorios con cobertura 100%, nuevo vademecum de medicamentos y sistema de telemedicina&#8221;.<\/p>\n\n\n\n<p>El ministro asegur\u00f3: &#8220;Este anuncio con tama\u00f1a decisi\u00f3n, rompe el proceso de integraci\u00f3n del sistema de salud, del que el @IOMAgba es parte y es un claro ejemplo de decisiones pol\u00edticas no sanitarias que retrasan los avances y el trabajo de toda una comunidad comprometida con la salud&#8221;.<\/p>\n\n\n\n<p>En tanto, desde otros sectores del Gobierno bonaerense expresaron &#8220;preocupaci\u00f3n&#8221; por el anuncio de Passaglia y se aclar\u00f3 en un comunicado que el jefe comunal &#8220;nunca solicit\u00f3, en los tres a\u00f1os que lleva de gesti\u00f3n Homero Giles al frente del Instituto, una reuni\u00f3n para plantear la supuesta falta de servicio m\u00e9dico o intent\u00f3 un acercamiento para resolver lo que haya que resolver&#8221;.<\/p>\n\n\n\n<p>&#8220;Estas acciones y decisiones tomadas de manera unilateral exponen el desconocimiento por parte del Intendente de San Nicol\u00e1s sobre los perjuicios que esto provocar\u00e1 en el acceso y derecho a la salud para las y los 1.392 afiliadas y afiliados de la familia municipal&#8221;, indicaron desde el Ejecutivo provincial.<\/p>\n\n\n\n<p>Sostuvieron que &#8220;en la actualidad son 654 trabajadoras y trabajadores de la intendencia que cuentan con IOMA y que tienen a su cargo un total de 738 personas&#8221;.<\/p>\n\n\n\n<p>As\u00ed, desde la administraci\u00f3n de Axel Kicillof consideraron &#8220;irresponsable por parte de las autoridades y de quienes avalaron el proyecto en la sesi\u00f3n del Consejo Deliberante llevada a cabo el pasado 3 de marzo, aprobar la desafecci\u00f3n de los trabajadores municipales de IOMA bajo pretexto falso de que &#8216;el servicio es deficiente para los trabajadores y adem\u00e1s hay atraso en los pagos a prestadores'&#8221;.<\/p>\n\n\n\n<p>En ese marco, desde el Poder Ejecutivo provincial rechazaron que IOMA no aumente los honorarios profesionales y no pague en tiempo y forma, como adujo Passaglia, y se\u00f1alaron que el organismo &#8220;desde mediados de 2022 comenz\u00f3 a abonar a los 30 d\u00edas de presentada la facturaci\u00f3n, como lo hacen muy pocas obras sociales&#8221;.<\/p>\n\n\n\n<p>Advirtieron que &#8220;la decisi\u00f3n pol\u00edtica de dejar sin IOMA a trabajadores municipales, expone a estas personas a una situaci\u00f3n realmente dram\u00e1tica ya que hoy muchas de ellas se encuentran con tratamientos de alto costo y otras con enfermedades cr\u00f3nicas&#8221;.<\/p>\n\n\n\n<p>&#8220;El intendente desconoce en su accionar y en su comunicado que el conjunto de afiliados municipales de San Nicol\u00e1s no se puede financiar con los recursos que aportan. Es decir, cada persona aporta $5.177 y su consumo prestacional mensual es de casi $9.000. Esto implica las afiliadas y afiliados al IOMA de toda la provincia de Buenos Aires, bajo el concepto de sistema solidario, sostienen esta igualdad de acceso prestacional&#8221;, subray\u00f3 el Gobierno.<\/p>\n\n\n\n<p>Por \u00faltimo se plante\u00f3 que &#8220;resta saber cu\u00e1l ser\u00e1 la respuesta para las personas que cursan un tratamiento m\u00e9dico cubierto por la obra social, personas que ya tienen una atenci\u00f3n espec\u00edfica por enfermedades cr\u00f3nicas o personas que cursan un proceso m\u00e9dico con profesionales de esta obra social&#8221;.<\/p>\n","protected":false},"excerpt":{"rendered":"<p>El intendente de San Nicol\u00e1s, Manuel Passaglia (Juntos por el Cambio), anunci\u00f3 que a partir de abril dejar\u00e1 a los trabajadores municipales sin la Obra M\u00e9dico Asistencial (IOMA) como prestaci\u00f3n de salud, decisi\u00f3n que desde el Gobierno bonaerense calificaron de &#8220;irresponsable&#8221;. Passaglia present\u00f3 ante el Concejo Deliberante un proyecto que se aprob\u00f3 el viernes pasado [&hellip;]<\/p>\n","protected":false},"author":1,"featured_media":7731,"comment_status":"open","ping_status":"open","sticky":false,"template":"","format":"standard","meta":{"_monsterinsights_skip_tracking":false,"_monsterinsights_sitenote_active":false,"_monsterinsights_sitenote_note":"","_monsterinsights_sitenote_category":0,"footnotes":""},"categories":[151],"tags":[160],"class_list":["post-7730","post","type-post","status-publish","format-standard","has-post-thumbnail","hentry","category-salud","tag-160"],"_links":{"self":[{"href":"https:\/\/news.digitaltv.com.ar\/index.php?rest_route=\/wp\/v2\/posts\/7730","targetHints":{"allow":["GET"]}}],"collection":[{"href":"https:\/\/news.digitaltv.com.ar\/index.php?rest_route=\/wp\/v2\/posts"}],"about":[{"href":"https:\/\/news.digitaltv.com.ar\/index.php?rest_route=\/wp\/v2\/types\/post"}],"author":[{"embeddable":true,"href":"https:\/\/news.digitaltv.com.ar\/index.php?rest_route=\/wp\/v2\/users\/1"}],"replies":[{"embeddable":true,"href":"https:\/\/news.digitaltv.com.ar\/index.php?rest_route=%2Fwp%2Fv2%2Fcomments&post=7730"}],"version-history":[{"count":1,"href":"https:\/\/news.digitaltv.com.ar\/index.php?rest_route=\/wp\/v2\/posts\/7730\/revisions"}],"predecessor-version":[{"id":7732,"href":"https:\/\/news.digitaltv.com.ar\/index.php?rest_route=\/wp\/v2\/posts\/7730\/revisions\/7732"}],"wp:featuredmedia":[{"embeddable":true,"href":"https:\/\/news.digitaltv.com.ar\/index.php?rest_route=\/wp\/v2\/media\/7731"}],"wp:attachment":[{"href":"https:\/\/news.digitaltv.com.ar\/index.php?rest_route=%2Fwp%2Fv2%2Fmedia&parent=7730"}],"wp:term":[{"taxonomy":"category","embeddable":true,"href":"https:\/\/news.digitaltv.com.ar\/index.php?rest_route=%2Fwp%2Fv2%2Fcategories&post=7730"},{"taxonomy":"post_tag","embeddable":true,"href":"https:\/\/news.digitaltv.com.ar\/index.php?rest_route=%2Fwp%2Fv2%2Ftags&post=7730"}],"curies":[{"name":"wp","href":"https:\/\/api.w.org\/{rel}","templated":true}]}}