{"id":7745,"date":"2023-03-07T08:47:52","date_gmt":"2023-03-07T11:47:52","guid":{"rendered":"https:\/\/news.digitaltv.com.ar\/?p=7745"},"modified":"2023-03-07T11:06:17","modified_gmt":"2023-03-07T14:06:17","slug":"el-gobierno-bonaerense-cito-a-los-medicos-de-la-cicop-a-una-reunion-paritaria-para-manana","status":"publish","type":"post","link":"https:\/\/news.digitaltv.com.ar\/?p=7745","title":{"rendered":"EL GOBIERNO BONAERENSE CIT\u00d3 A LOS M\u00c9DICOS DE LA CICOP A UNA REUNI\u00d3N PARITARIA PARA MA\u00d1ANA"},"content":{"rendered":"\n<p>El gobierno bonaerense convoc\u00f3 la a Asociaci\u00f3n Sindical de Profesionales de la Salud de la provincia de Buenos Aires (Cicop) a una reuni\u00f3n paritaria para ma\u00f1ana, con el objetivo de discutir el aumento salarial para el sector, informaron fuentes oficiales.<\/p>\n\n\n\n<p>En ese sentido, el secretario general del gremio, Pablo Maciel, adelant\u00f3 en un comunicado que discutir\u00e1 &#8220;la estructura salarial, el modelo de atenci\u00f3n y todo el sistema de salud&#8221; adem\u00e1s del aumento salarial, en la reuni\u00f3n paritaria de la Ley provincial 10.471.<\/p>\n\n\n\n<p>La negociaci\u00f3n paritaria de los gremios estatales tuvo su primera etapa con el acuerdo alcanzado entre la gesti\u00f3n de Axel Kicillof y los gremios mayoritarios de la Ley 10.430 (estatales), y contin\u00faa con los distintos reg\u00edmenes especiales, entre ellos con la Ley provincial 10.471 que nuclea a las y los profesionales de la salud, en donde CICOP es el gremio mayoritario (la 10.471 es la referente a la Carrera Hospitalaria).<\/p>\n\n\n\n<p>Adem\u00e1s Maciel analiz\u00f3 que \u201ces fundamental que la paritaria contin\u00fae funcionando porque es la herramienta que tenemos los trabajadores y trabajadoras para negociar salarios y condiciones laborales\u201d.<\/p>\n\n\n\n<p>&#8220;Durante el a\u00f1o pasado logramos un aumento salarial que super\u00f3 a la inflaci\u00f3n y ese es el camino que queremos profundizar para recomponer los ingresos\u201d, dijo y aclar\u00f3 que \u201cadem\u00e1s del salario vamos a la paritaria con planteos inherentes a seguir mejorando las condiciones de trabajo, como lo hicimos el a\u00f1o pasado con el nuevo reglamento de residentes y el r\u00e9gimen de desgaste laboral prematuro para nuestra jubilaci\u00f3n en provincia y que ahora es necesario ampliarlo a los municipios&#8221;.<\/p>\n\n\n\n<p>Ayer, el gobierno bonaerense sell\u00f3 el acuerdo paritario logrado con los gremios que representan a los docentes bonaerenses y trabajadores de la administraci\u00f3n p\u00fablica, que se har\u00e1 efectivo en tres etapas -marzo, mayo y julio-, promediando 40% en ese \u00faltimo tramo, y contempla retomar las reuniones en agosto.<\/p>\n\n\n\n<p>En tanto, se aguarda que hoy respondan en igual sentido los representantes de los judiciales, a quienes los representantes del Poder Ejecutivo les propusieron una suba salarial promedio de 40% en tres tramos.<\/p>\n","protected":false},"excerpt":{"rendered":"<p>El gobierno bonaerense convoc\u00f3 la a Asociaci\u00f3n Sindical de Profesionales de la Salud de la provincia de Buenos Aires (Cicop) a una reuni\u00f3n paritaria para ma\u00f1ana, con el objetivo de discutir el aumento salarial para el sector, informaron fuentes oficiales. En ese sentido, el secretario general del gremio, Pablo Maciel, adelant\u00f3 en un comunicado que [&hellip;]<\/p>\n","protected":false},"author":1,"featured_media":634,"comment_status":"open","ping_status":"open","sticky":false,"template":"","format":"standard","meta":{"_monsterinsights_skip_tracking":false,"_monsterinsights_sitenote_active":false,"_monsterinsights_sitenote_note":"","_monsterinsights_sitenote_category":0,"footnotes":""},"categories":[150,151],"tags":[160],"class_list":["post-7745","post","type-post","status-publish","format-standard","has-post-thumbnail","hentry","category-actualidad","category-salud","tag-160"],"_links":{"self":[{"href":"https:\/\/news.digitaltv.com.ar\/index.php?rest_route=\/wp\/v2\/posts\/7745","targetHints":{"allow":["GET"]}}],"collection":[{"href":"https:\/\/news.digitaltv.com.ar\/index.php?rest_route=\/wp\/v2\/posts"}],"about":[{"href":"https:\/\/news.digitaltv.com.ar\/index.php?rest_route=\/wp\/v2\/types\/post"}],"author":[{"embeddable":true,"href":"https:\/\/news.digitaltv.com.ar\/index.php?rest_route=\/wp\/v2\/users\/1"}],"replies":[{"embeddable":true,"href":"https:\/\/news.digitaltv.com.ar\/index.php?rest_route=%2Fwp%2Fv2%2Fcomments&post=7745"}],"version-history":[{"count":1,"href":"https:\/\/news.digitaltv.com.ar\/index.php?rest_route=\/wp\/v2\/posts\/7745\/revisions"}],"predecessor-version":[{"id":7746,"href":"https:\/\/news.digitaltv.com.ar\/index.php?rest_route=\/wp\/v2\/posts\/7745\/revisions\/7746"}],"wp:featuredmedia":[{"embeddable":true,"href":"https:\/\/news.digitaltv.com.ar\/index.php?rest_route=\/wp\/v2\/media\/634"}],"wp:attachment":[{"href":"https:\/\/news.digitaltv.com.ar\/index.php?rest_route=%2Fwp%2Fv2%2Fmedia&parent=7745"}],"wp:term":[{"taxonomy":"category","embeddable":true,"href":"https:\/\/news.digitaltv.com.ar\/index.php?rest_route=%2Fwp%2Fv2%2Fcategories&post=7745"},{"taxonomy":"post_tag","embeddable":true,"href":"https:\/\/news.digitaltv.com.ar\/index.php?rest_route=%2Fwp%2Fv2%2Ftags&post=7745"}],"curies":[{"name":"wp","href":"https:\/\/api.w.org\/{rel}","templated":true}]}}