{"id":7788,"date":"2023-03-09T11:02:31","date_gmt":"2023-03-09T14:02:31","guid":{"rendered":"https:\/\/news.digitaltv.com.ar\/?p=7788"},"modified":"2023-03-10T11:25:57","modified_gmt":"2023-03-10T14:25:57","slug":"realizan-jornadas-de-cuidados-y-concientizacion-sobre-salud-renal-en-la-provincia-de-buenos-aires","status":"publish","type":"post","link":"https:\/\/news.digitaltv.com.ar\/?p=7788","title":{"rendered":"REALIZAN JORNADAS DE CUIDADOS Y CONCIENTIZACI\u00d3N SOBRE SALUD RENAL EN LA PROVINCIA DE BUENOS AIRES"},"content":{"rendered":"\n<p>En el marco del D\u00eda Mundial del Ri\u00f1\u00f3n, el Gobierno de la provincia de Buenos Aires organiz\u00f3 una semana de controles gratuitos y sensibilizaci\u00f3n para prevenir la enfermedad renal que, en el pa\u00eds, afecta a 5 millones de personas.<\/p>\n\n\n\n<p>&#8220;Se trata de una patolog\u00eda que suele no dar s\u00edntomas hasta que ya es grave, s\u00f3lo una de cada diez personas afectadas lo sabe&#8221;, indic\u00f3 el Ministerio de Salud bonaerense en un comunicado de prensa.<\/p>\n\n\n\n<p>En ese marco, agreg\u00f3 que &#8220;como todos los a\u00f1os, el segundo jueves de marzo se conmemora el D\u00eda Mundial del Ri\u00f1\u00f3n, una fecha que busca crear conciencia sobre la importancia de nuestros ri\u00f1ones para tomar medidas de cuidado y reducir el impacto de la enfermedad renal&#8221; y por ese motivo &#8220;se est\u00e1 llevando a cabo la &#8216;Semana de la Salud Renal&#8217; en hospitales, espacios p\u00fablicos, sedes y policonsultorios de IOMA&#8221;.<\/p>\n\n\n\n<p>La cartera conducida por Nicol\u00e1s Kreplak explic\u00f3 que se realizar\u00e1n controles de presi\u00f3n arterial, c\u00e1lculo del \u00cdndice de Masa Corporal (IMC), per\u00edmetro abdominal, determinaci\u00f3n de glucemia y de proteinuria en orina, que es un marcador temprano de enfermedad renal.<\/p>\n\n\n\n<p>Adem\u00e1s, los equipos sanitarios dar\u00e1n charlas de sensibilizaci\u00f3n sobre procuraci\u00f3n de \u00f3rganos y trasplante renal.<\/p>\n\n\n\n<p>Por otra parte, el Ministerio de Salud provincial inform\u00f3 que adquiri\u00f3 141 equipos de hemodi\u00e1lisis, 40 de \u00f3smosis port\u00e1til y 124 sillones para di\u00e1lisis que se est\u00e1n distribuyendo en los hospitales p\u00fablicos de la provincia.<\/p>\n\n\n\n<p>Actualmente, 11.015 personas se encuentran en di\u00e1lisis y 2.195 en lista de espera para un trasplante en la provincia y el Cucaiba realiz\u00f3 durante el a\u00f1o pasado 490 trasplantes renales y, en lo que va de \u00e9ste, 60.<\/p>\n\n\n\n<p>\u201cLa diabetes no controlada es la primera causa de ingreso a di\u00e1lisis y la hipertensi\u00f3n arterial es la segunda, por lo tanto mantener los cuidados que requieren ambas enfermedades es clave para cuidar la salud renal\u201d, explic\u00f3 la responsable del Programa Provincial de Salud Renal del Ministerio de Salud, Mabel Careaga.<\/p>\n","protected":false},"excerpt":{"rendered":"<p>En el marco del D\u00eda Mundial del Ri\u00f1\u00f3n, el Gobierno de la provincia de Buenos Aires organiz\u00f3 una semana de controles gratuitos y sensibilizaci\u00f3n para prevenir la enfermedad renal que, en el pa\u00eds, afecta a 5 millones de personas. &#8220;Se trata de una patolog\u00eda que suele no dar s\u00edntomas hasta que ya es grave, s\u00f3lo [&hellip;]<\/p>\n","protected":false},"author":1,"featured_media":7789,"comment_status":"open","ping_status":"open","sticky":false,"template":"","format":"standard","meta":{"_monsterinsights_skip_tracking":false,"_monsterinsights_sitenote_active":false,"_monsterinsights_sitenote_note":"","_monsterinsights_sitenote_category":0,"footnotes":""},"categories":[151],"tags":[160],"class_list":["post-7788","post","type-post","status-publish","format-standard","has-post-thumbnail","hentry","category-salud","tag-160"],"_links":{"self":[{"href":"https:\/\/news.digitaltv.com.ar\/index.php?rest_route=\/wp\/v2\/posts\/7788","targetHints":{"allow":["GET"]}}],"collection":[{"href":"https:\/\/news.digitaltv.com.ar\/index.php?rest_route=\/wp\/v2\/posts"}],"about":[{"href":"https:\/\/news.digitaltv.com.ar\/index.php?rest_route=\/wp\/v2\/types\/post"}],"author":[{"embeddable":true,"href":"https:\/\/news.digitaltv.com.ar\/index.php?rest_route=\/wp\/v2\/users\/1"}],"replies":[{"embeddable":true,"href":"https:\/\/news.digitaltv.com.ar\/index.php?rest_route=%2Fwp%2Fv2%2Fcomments&post=7788"}],"version-history":[{"count":1,"href":"https:\/\/news.digitaltv.com.ar\/index.php?rest_route=\/wp\/v2\/posts\/7788\/revisions"}],"predecessor-version":[{"id":7790,"href":"https:\/\/news.digitaltv.com.ar\/index.php?rest_route=\/wp\/v2\/posts\/7788\/revisions\/7790"}],"wp:featuredmedia":[{"embeddable":true,"href":"https:\/\/news.digitaltv.com.ar\/index.php?rest_route=\/wp\/v2\/media\/7789"}],"wp:attachment":[{"href":"https:\/\/news.digitaltv.com.ar\/index.php?rest_route=%2Fwp%2Fv2%2Fmedia&parent=7788"}],"wp:term":[{"taxonomy":"category","embeddable":true,"href":"https:\/\/news.digitaltv.com.ar\/index.php?rest_route=%2Fwp%2Fv2%2Fcategories&post=7788"},{"taxonomy":"post_tag","embeddable":true,"href":"https:\/\/news.digitaltv.com.ar\/index.php?rest_route=%2Fwp%2Fv2%2Ftags&post=7788"}],"curies":[{"name":"wp","href":"https:\/\/api.w.org\/{rel}","templated":true}]}}