{"id":7810,"date":"2023-03-10T11:25:16","date_gmt":"2023-03-10T14:25:16","guid":{"rendered":"https:\/\/news.digitaltv.com.ar\/?p=7810"},"modified":"2023-03-13T09:00:06","modified_gmt":"2023-03-13T12:00:06","slug":"el-pj-bonaerense-convoco-a-manifestarse-contra-el-intento-de-proscripcion-de-cristina-fernandez","status":"publish","type":"post","link":"https:\/\/news.digitaltv.com.ar\/?p=7810","title":{"rendered":"EL PJ BONAERENSE CONVOC\u00d3 A &#8220;MANIFESTARSE&#8221; CONTRA EL &#8220;INTENTO DE PROSCRIPCI\u00d3N&#8221;  DE CRISTINA FERN\u00c1NDEZ"},"content":{"rendered":"\n<p>El Partido Justicialista de la provincia de Buenos Aires manifest\u00f3 hoy su &#8220;solidaridad&#8221; con la vicepresidenta Cristina Fern\u00e1ndez ante lo que consider\u00f3 la &#8220;cr\u00f3nica de una sentencia anunciada&#8221;, en referencia a los fundamentos de la condena a 6 a\u00f1os de prisi\u00f3n e inhabilitaci\u00f3n para ejercer cargos p\u00fablicos contra la exmandataria, y convoc\u00f3 a &#8220;manifestarse&#8221; para que &#8220;se acabe se intento de proscripci\u00f3n&#8221;.<\/p>\n\n\n\n<p>Para el peronismo bonaerense, que preside M\u00e1ximo Kirchner, el fallo contra la vicepresidenta en la causa conocida como &#8220;Vialidad&#8221; constituye una &#8220;persecuci\u00f3n judicial y un intento de proscripci\u00f3n ejercido por representantes de uno de los tres poderes del Estado&#8221;.<\/p>\n\n\n\n<p>&#8220;Luego de m\u00e1s de cuatro meses de conocida la sentencia, los jueces Jorge Gorini, Rodrigo Gim\u00e9nez Uriburu y Andr\u00e9s Basso publicaron los fundamentos de una sentencia que ya estaba escrita mucho antes de darse a conocer.&#8221;, expres\u00f3 el PJ provincial en un documento.<\/p>\n\n\n\n<p>Para el Justicialismo, se trata de una &#8220;sentencia de millones de palabras, ninguna prueba contundente y un solo rengl\u00f3n como objetivo: evitar una posible candidatura de Cristina Fern\u00e1ndez de Kirchner a cualquier cargo p\u00fablico&#8221;.<\/p>\n\n\n\n<p>&#8220;M\u00e1s que una condena estamos frente a un mensaje a los dirigentes que representan a quienes trabajan, estudian, producen e invierten en nuestro pa\u00eds. El mensaje es simple: quienes se atreven a desafiar el orden establecido y creen que se puede transformar la Argentina, tienen que entender que el costo se paga con la vida personal y de la familia. Por eso no importa el Estado de derecho, las pruebas, la culpabilidad o inocencia de los imputados. Importa que el mensaje quede claro&#8221;, subray\u00f3 el PJ.<\/p>\n\n\n\n<p>El Justicialismo sostuvo as\u00ed que &#8220;el mecanismo no es nuevo ni se limita a nuestro pa\u00eds&#8221;, al graficar que &#8220;abundan los ejemplos en Am\u00e9rica Latina de la utilizaci\u00f3n del Poder Judicial para resolver lo que no pueden resolver por v\u00edas democr\u00e1ticas&#8221;, como la condena que sufri\u00f3 Luiz In\u00e1cio Lula da Silva en Brasil para &#8220;evitar su candidatura&#8221; e &#8220;incrementar las chances de Jair Bolsonaro&#8221;.<\/p>\n\n\n\n<p>&#8220;No estamos frente a una condena judicial a Cristina. Estamos frente a la impugnaci\u00f3n judicial de sus pol\u00edticas. Estamos frente a un intento grav\u00edsimo, por parte de uno de los poderes del Estado, de demarcar una l\u00ednea respecto de cu\u00e1les candidatos y espacios pol\u00edticos son leg\u00edtimamente democr\u00e1ticos y cu\u00e1les no, cu\u00e1les pueden ser electos en comicios libres y cu\u00e1les no. Este hecho, en el a\u00f1o que nuestro pa\u00eds cumple 40 a\u00f1os ininterrumpidos de democracia, no puede ni debe ser soslayado&#8221;, alert\u00f3 el PJ.<\/p>\n\n\n\n<p>En esa l\u00ednea, el peronismo bonaerense afirm\u00f3 que &#8220;condenaron a la compa\u00f1era Cristina los mismos integrantes de los poderes que en cuatro a\u00f1os condenaron a la Argentina al brutal endeudamiento con el Fondo Monetario Internacional (FMI), a la p\u00e9rdida de puestos de trabajo y el sometimiento a pol\u00edticas que ya fracasaron en nuestro pa\u00eds&#8221;.<\/p>\n\n\n\n<p>&#8220;No van a poder resolver con un fallo, por m\u00e1s p\u00e1ginas que le agreguen, lo que no pudieron hacer gobernando la Argentina&#8221;, asever\u00f3 el PJ, que expres\u00f3 su &#8220;solidaridad&#8221; con la vicepresidenta ante la &#8220;cr\u00f3nica de una sentencia anunciada&#8221; y llam\u00f3 a &#8220;manifestarse&#8221; a &#8220;quienes sientan como propia la reivindicaci\u00f3n de la democracia para que se acabe el intento de proscripci\u00f3n de un espacio y una dirigente pol\u00edtica&#8221;.<\/p>\n\n\n\n<p>El Tribunal Oral Federal 2 (TOF 2) dio a conocer hoy los fundamentos del veredicto dictado el 6 de diciembre pasado en la &#8220;causa Vialidad&#8221;, y por el cual conden\u00f3 por supuesta &#8220;administraci\u00f3n fraudulenta&#8221; a la vicepresidenta junto a otros imputados, con lo que comenz\u00f3 a correr el plazo de diez d\u00edas h\u00e1biles para la presentaci\u00f3n de eventuales apelaciones de las partes.<\/p>\n","protected":false},"excerpt":{"rendered":"<p>El Partido Justicialista de la provincia de Buenos Aires manifest\u00f3 hoy su &#8220;solidaridad&#8221; con la vicepresidenta Cristina Fern\u00e1ndez ante lo que consider\u00f3 la &#8220;cr\u00f3nica de una sentencia anunciada&#8221;, en referencia a los fundamentos de la condena a 6 a\u00f1os de prisi\u00f3n e inhabilitaci\u00f3n para ejercer cargos p\u00fablicos contra la exmandataria, y convoc\u00f3 a &#8220;manifestarse&#8221; para [&hellip;]<\/p>\n","protected":false},"author":1,"featured_media":7811,"comment_status":"open","ping_status":"open","sticky":false,"template":"","format":"standard","meta":{"_monsterinsights_skip_tracking":false,"_monsterinsights_sitenote_active":false,"_monsterinsights_sitenote_note":"","_monsterinsights_sitenote_category":0,"footnotes":""},"categories":[152],"tags":[160],"class_list":["post-7810","post","type-post","status-publish","format-standard","has-post-thumbnail","hentry","category-pergamino","tag-160"],"_links":{"self":[{"href":"https:\/\/news.digitaltv.com.ar\/index.php?rest_route=\/wp\/v2\/posts\/7810","targetHints":{"allow":["GET"]}}],"collection":[{"href":"https:\/\/news.digitaltv.com.ar\/index.php?rest_route=\/wp\/v2\/posts"}],"about":[{"href":"https:\/\/news.digitaltv.com.ar\/index.php?rest_route=\/wp\/v2\/types\/post"}],"author":[{"embeddable":true,"href":"https:\/\/news.digitaltv.com.ar\/index.php?rest_route=\/wp\/v2\/users\/1"}],"replies":[{"embeddable":true,"href":"https:\/\/news.digitaltv.com.ar\/index.php?rest_route=%2Fwp%2Fv2%2Fcomments&post=7810"}],"version-history":[{"count":1,"href":"https:\/\/news.digitaltv.com.ar\/index.php?rest_route=\/wp\/v2\/posts\/7810\/revisions"}],"predecessor-version":[{"id":7812,"href":"https:\/\/news.digitaltv.com.ar\/index.php?rest_route=\/wp\/v2\/posts\/7810\/revisions\/7812"}],"wp:featuredmedia":[{"embeddable":true,"href":"https:\/\/news.digitaltv.com.ar\/index.php?rest_route=\/wp\/v2\/media\/7811"}],"wp:attachment":[{"href":"https:\/\/news.digitaltv.com.ar\/index.php?rest_route=%2Fwp%2Fv2%2Fmedia&parent=7810"}],"wp:term":[{"taxonomy":"category","embeddable":true,"href":"https:\/\/news.digitaltv.com.ar\/index.php?rest_route=%2Fwp%2Fv2%2Fcategories&post=7810"},{"taxonomy":"post_tag","embeddable":true,"href":"https:\/\/news.digitaltv.com.ar\/index.php?rest_route=%2Fwp%2Fv2%2Ftags&post=7810"}],"curies":[{"name":"wp","href":"https:\/\/api.w.org\/{rel}","templated":true}]}}