{"id":795,"date":"2022-03-20T01:44:34","date_gmt":"2022-03-20T04:44:34","guid":{"rendered":"https:\/\/wp.digitaltv.com.ar\/?p=795"},"modified":"2022-03-20T11:58:01","modified_gmt":"2022-03-20T14:58:01","slug":"para-martin-becerra-el-derecho-al-olvido-que-pide-denegri-puede-abrir-la-puerta-a-la-censura","status":"publish","type":"post","link":"https:\/\/news.digitaltv.com.ar\/?p=795","title":{"rendered":"Para Martin Becerra: El Derecho al Olvido que pide Denegri &#8220;puede abrir la puerta a la censura&#8221;"},"content":{"rendered":"\n<p>(Por Julio Mosle) El docente de la Universidad de Buenos Aires (UBA) e<br>investigador del Conicet Mart\u00edn Becerra afirm\u00f3 que si la Corte Suprema de<br>Justicia de la Naci\u00f3n (CSJN) ratifica el fallo sobre lo que se conoce como<br>&#8220;Derecho al Olvido&#8221; en el caso de Natalia Denegri &#8220;podr\u00eda estar sentando un<br>precedente muy peligroso que le abre la puerta a la censura&#8221;.<br>Becerra, que tambi\u00e9n es profesor de la Universidad Nacional de Quilmes<br>(UNQ), sostuvo en di\u00e1logo con T\u00e9lam que &#8220;es incorrecto hablar de Derecho al<br>Olvido porque de lo que estamos hablando es de derecho a la desindexaci\u00f3n<br>de contenidos en motores de b\u00fasqueda como Google&#8221;.<br>&#8220;Se trata de una figura que est\u00e1 reglamentada en Europa pero que no forma<br>parte de nuestra tradici\u00f3n regulatoria y que reci\u00e9n empieza a aparecer en<br>algunos fallos&#8221;, indic\u00f3.<br>Esta semana, la Corte realiz\u00f3 dos audiencias p\u00fablicas previas a su fallo<br>sobre el pedido de Denegri para que se desindexen en internet sus<br>apariciones televisivas en los a\u00f1os 90 como una de las figuras medi\u00e1ticas<br>del conocido como &#8220;caso Coppola&#8221; en el que polic\u00edas y oficiales de justicia<br>pretendieron involucrar al representante de futbolistas en tr\u00e1fico de<br>drogas.<br>Denegri, que por entonces ten\u00eda 20 a\u00f1os y aparec\u00eda en los sets televisivos<br>incluso golpe\u00e1ndose con otras mujeres, y actualmente es productora y reside<br>en la ciudad estadounidense de Miami, sostiene que no se prest\u00f3<br>voluntariamente a esas apariciones y, por el contrario, fue obligada &#8220;bajo<br>amenaza y extorsi\u00f3n&#8221;.<\/p>\n\n\n\n<figure class=\"wp-block-gallery has-nested-images columns-default is-cropped wp-block-gallery-1 is-layout-flex wp-block-gallery-is-layout-flex\">\n<figure class=\"wp-block-image size-large\"><img loading=\"lazy\" decoding=\"async\" width=\"640\" height=\"427\" data-id=\"800\" src=\"https:\/\/wp.digitaltv.com.ar\/wp-content\/uploads\/2022\/03\/natalia-de-negris-dereho-al-olvio-2.jpg\" alt=\"\" class=\"wp-image-800\" srcset=\"https:\/\/news.digitaltv.com.ar\/wp-content\/uploads\/2022\/03\/natalia-de-negris-dereho-al-olvio-2.jpg 640w, https:\/\/news.digitaltv.com.ar\/wp-content\/uploads\/2022\/03\/natalia-de-negris-dereho-al-olvio-2-300x200.jpg 300w\" sizes=\"auto, (max-width: 640px) 100vw, 640px\" \/><\/figure>\n<\/figure>\n\n\n\n<p><br>&#8220;Viv\u00edamos secuestrados por los productores, viv\u00edamos en hoteles y nos<br>llevaban a los canales. Yo no ped\u00ed ser famosa, me hice famosa por un caso<br>policial&#8221;, afirm\u00f3 ayer en la segunda audiencia p\u00fablica.<br>Por otro lado, los argumentos de Google coincidieron con los del procurador<br>fiscal de la Naci\u00f3n, V\u00edctor Abramovich, en que no hay ning\u00fan hecho ilegal<br>en los videos referidos y que el motor de b\u00fasqueda no puede restringir el<br>acceso por tratarse de informaci\u00f3n p\u00fablica.<br>&#8220;C\u00f3mo en la actualidad la mayor\u00eda de los usuarios de internet en occidente<br>utilizan Google para sus b\u00fasquedas, el hecho de que un contenido sea<br>desindexado es asociado de manera desproporcionada al &#8216;Olvido&#8217;, pero no es<br>el contenido el que se elimina sino su indexaci\u00f3n al buscador&#8221;, explic\u00f3 a<br>T\u00e9lam Becerra.<br>El investigador advirti\u00f3 que &#8220;una interpretaci\u00f3n desproporcionada del<br>Derecho al Olvido puede conducir a la censura colisionando con la libertad<br>de expresi\u00f3n y el derecho al acceso a contenidos que fueron concebidos para<br>ser difundidos o publicados&#8221;.<br>En igual sentido se expresaron organizaciones como el Centro de Estudios<br>Legales y Sociales (CELS) en la primera audiencia p\u00fablica de la Corte que<br>tuvo lugar el jueves.<br>Becerra se\u00f1al\u00f3 que la idea del derecho al olvido se reglament\u00f3 en Europa a<br>partir del caso de un abogado que aparec\u00eda en los buscadores como moroso de<br>una deuda que hab\u00eda saldado hac\u00eda mucho tiempo.<br>&#8220;A partir de ese caso la regulaci\u00f3n europea protege las acciones privadas<br>de las personas cuando los contenidos indexados son il\u00edcitos, falsos o<br>desactualizados&#8221;, apunt\u00f3 el investigador.<br>Pero aclar\u00f3 que la diferencia es cuando se trata de &#8220;personas p\u00fablicas o el<br>inter\u00e9s p\u00fablico de contenidos que forman parte del patrimonio cultural de<br>la sociedad por m\u00e1s banales que parezcan&#8221;.<br>En este sentido tambi\u00e9n enfatiz\u00f3 que &#8220;una de las razones para que se abra<br>este debate es la opacidad del algoritmo que muchas veces conspira contra<br>el acceso a la informaci\u00f3n al no clarificar cuando prioriza indexar un<br>contenido por su actualidad o por el volumen de tr\u00e1fico que registra&#8221;.<br>Becerra remarc\u00f3 que &#8220;frente al caso Denegri la Corte Suprema puede<br>revalidar el fallo de C\u00e1mara (que favoreci\u00f3 la demanda de la productora) o<br>habilitar una nueva l\u00ednea de interpretaci\u00f3n&#8221;.<br>&#8220;En Argentina no hay una legislaci\u00f3n espec\u00edfica sobre la desindexaci\u00f3n, y<br>forzar una interpretaci\u00f3n m\u00e1s amplia del derecho al honor que es algo que<br>si existe, podr\u00eda abrir una puerta muy problem\u00e1tica para el ejercicio de la<br>libertad de expresi\u00f3n en situaciones ambiguas o fronterizas&#8221;, destac\u00f3.<br>A modo de ejemplo, Becerra afirm\u00f3: &#8220;Supongamos que dentro de unos cinco<br>a\u00f1os Viviana Canosa se convierte en una persona respetuosa de la salud<br>p\u00fablica y pide que los buscadores desindexen todos los contenidos en los<br>que ella aparece recomendando beber di\u00f3xido de cloro; \u00bfno son esos<br>registros una parte del debate social que se dio en el contexto de la<br>pandemia?&#8221;.<\/p>\n\n\n\n<figure class=\"wp-block-gallery has-nested-images columns-default is-cropped wp-block-gallery-2 is-layout-flex wp-block-gallery-is-layout-flex\">\n<figure class=\"wp-block-image size-large\"><img loading=\"lazy\" decoding=\"async\" width=\"300\" height=\"183\" data-id=\"799\" src=\"https:\/\/wp.digitaltv.com.ar\/wp-content\/uploads\/2022\/03\/derecho-al-olvido-2.jpg\" alt=\"\" class=\"wp-image-799\"\/><\/figure>\n<\/figure>\n\n\n\n<p>El investigador cuestion\u00f3 que un elemento &#8220;peligroso&#8221; del fallo de C\u00e1mara a<br>favor de Denegri es &#8220;la diferenciaci\u00f3n no clarificada de contenidos &#8216;de<br>buen gusto'&#8221; y observ\u00f3 que &#8220;si la Corte validara esa l\u00f3gica se abre la<br>puerta a que todos salgamos con un term\u00f3metro &#8216;de buen gusto&#8217; para ver que<br>contenidos pueden ser indexados y cu\u00e1les no&#8221;.<br>Un punto en el que el docente hizo hincapi\u00e9 es la posibilidad de que el<br>Congreso tome el tema para debate.<br>&#8220;El Poder Legislativo deber\u00eda por lo menos dar el debate sobre la necesidad<br>o no de introducir la figura del Derecho al Olvido en nuestra legislaci\u00f3n,<br>para establecer una posici\u00f3n frente a estas presentaciones judiciales que<br>invocan figuras que no est\u00e1n reglamentadas&#8221;, consider\u00f3.<br>Y resalt\u00f3 que la discusi\u00f3n &#8220;es t\u00edpica de un nuevo ecosistema digital en el<br>que las fronteras entre lo privado, lo p\u00fablico, lo \u00edntimo, el &#8216;honor&#8217;, la<br>memoria y la exhibici\u00f3n se enfrentan a la posibilidad in\u00e9dita de que todas<br>las interacciones queden almacenadas para ser mercantilizadas&#8221;.<br>&#8220;Es l\u00f3gico reconocer que nadie &#8216;tiene la posta&#8217;, todos los d\u00edas a cada<br>instante miles de ciudadanos de a pie sufren las consecuencias de su<br>exposici\u00f3n y hay situaciones super delicadas; pero una cosa es la vida<br>privada de personas an\u00f3nimas y otra la vida p\u00fablica de personas p\u00fablicas,<br>que creo que es el eje de lo que se discute en el caso Denegri&#8221;, complet\u00f3<br>Becerra.<\/p>\n\n\n\n<figure class=\"wp-block-gallery has-nested-images columns-default is-cropped wp-block-gallery-3 is-layout-flex wp-block-gallery-is-layout-flex\">\n<figure class=\"wp-block-image size-large\"><img loading=\"lazy\" decoding=\"async\" width=\"768\" height=\"512\" data-id=\"801\" src=\"https:\/\/wp.digitaltv.com.ar\/wp-content\/uploads\/2022\/03\/natalia-denegris-derecho-al-olvido.webp\" alt=\"\" class=\"wp-image-801\" srcset=\"https:\/\/news.digitaltv.com.ar\/wp-content\/uploads\/2022\/03\/natalia-denegris-derecho-al-olvido.webp 768w, https:\/\/news.digitaltv.com.ar\/wp-content\/uploads\/2022\/03\/natalia-denegris-derecho-al-olvido-300x200.webp 300w\" sizes=\"auto, (max-width: 768px) 100vw, 768px\" \/><\/figure>\n<\/figure>\n","protected":false},"excerpt":{"rendered":"<p>(Por Julio Mosle) El docente de la Universidad de Buenos Aires (UBA) einvestigador del Conicet Mart\u00edn Becerra afirm\u00f3 que si la Corte Suprema deJusticia de la Naci\u00f3n (CSJN) ratifica el fallo sobre lo que se conoce como&#8220;Derecho al Olvido&#8221; en el caso de Natalia Denegri &#8220;podr\u00eda estar sentando unprecedente muy peligroso que le abre la [&hellip;]<\/p>\n","protected":false},"author":8,"featured_media":802,"comment_status":"open","ping_status":"open","sticky":false,"template":"","format":"standard","meta":{"_monsterinsights_skip_tracking":false,"_monsterinsights_sitenote_active":false,"_monsterinsights_sitenote_note":"","_monsterinsights_sitenote_category":0,"footnotes":""},"categories":[150],"tags":[160],"class_list":["post-795","post","type-post","status-publish","format-standard","has-post-thumbnail","hentry","category-actualidad","tag-160"],"_links":{"self":[{"href":"https:\/\/news.digitaltv.com.ar\/index.php?rest_route=\/wp\/v2\/posts\/795","targetHints":{"allow":["GET"]}}],"collection":[{"href":"https:\/\/news.digitaltv.com.ar\/index.php?rest_route=\/wp\/v2\/posts"}],"about":[{"href":"https:\/\/news.digitaltv.com.ar\/index.php?rest_route=\/wp\/v2\/types\/post"}],"author":[{"embeddable":true,"href":"https:\/\/news.digitaltv.com.ar\/index.php?rest_route=\/wp\/v2\/users\/8"}],"replies":[{"embeddable":true,"href":"https:\/\/news.digitaltv.com.ar\/index.php?rest_route=%2Fwp%2Fv2%2Fcomments&post=795"}],"version-history":[{"count":3,"href":"https:\/\/news.digitaltv.com.ar\/index.php?rest_route=\/wp\/v2\/posts\/795\/revisions"}],"predecessor-version":[{"id":921,"href":"https:\/\/news.digitaltv.com.ar\/index.php?rest_route=\/wp\/v2\/posts\/795\/revisions\/921"}],"wp:featuredmedia":[{"embeddable":true,"href":"https:\/\/news.digitaltv.com.ar\/index.php?rest_route=\/wp\/v2\/media\/802"}],"wp:attachment":[{"href":"https:\/\/news.digitaltv.com.ar\/index.php?rest_route=%2Fwp%2Fv2%2Fmedia&parent=795"}],"wp:term":[{"taxonomy":"category","embeddable":true,"href":"https:\/\/news.digitaltv.com.ar\/index.php?rest_route=%2Fwp%2Fv2%2Fcategories&post=795"},{"taxonomy":"post_tag","embeddable":true,"href":"https:\/\/news.digitaltv.com.ar\/index.php?rest_route=%2Fwp%2Fv2%2Ftags&post=795"}],"curies":[{"name":"wp","href":"https:\/\/api.w.org\/{rel}","templated":true}]}}