{"id":7964,"date":"2023-03-21T10:34:34","date_gmt":"2023-03-21T13:34:34","guid":{"rendered":"https:\/\/news.digitaltv.com.ar\/?p=7964"},"modified":"2023-03-21T10:36:54","modified_gmt":"2023-03-21T13:36:54","slug":"tras-el-fin-de-la-nina-la-region-pampeana-necesita-caida-de-200-a-300-milimetros-de-agua","status":"publish","type":"post","link":"https:\/\/news.digitaltv.com.ar\/?p=7964","title":{"rendered":"TRAS EL FIN DE LA NI\u00d1A, LA REGI\u00d3N PAMPEANA NECESITA CA\u00cdDA DE 200 A 300 MIL\u00cdMETROS DE AGUA"},"content":{"rendered":"\n<p>(Por Juan Manuel Colombo) Luego de tres a\u00f1os consecutivos de presencia sobre gran parte de los pa\u00edses del Cono Sur, finaliz\u00f3 la vigencia del fen\u00f3meno clim\u00e1tico seco La Ni\u00f1a en la regi\u00f3n y ahora el debate se centra en cu\u00e1ndo podr\u00eda comenzar a normalizarse el r\u00e9gimen de lluvias teniendo en cuenta que la zona pampeana necesita la ca\u00edda de entre 200 y 300 mil\u00edmetros (mm) de agua para encarar la nueva campa\u00f1a de trigo.<\/p>\n\n\n\n<p>A partir de la normalizaci\u00f3n de la temperatura en el Oc\u00e9ano Pac\u00edfico Central, epicentro en el que nace el fen\u00f3meno, la Mesa de Monitoreo de Sequ\u00edas, que est\u00e1 integrada por diversos organismos estatales, dio por finalizada la vigencia de La Ni\u00f1a, que gener\u00f3 una de las peores sequ\u00edas de las \u00faltimas d\u00e9cadas con fuerte impacto sobre la producci\u00f3n agr\u00edcola y p\u00e9rdidas previstas en materia de exportaci\u00f3n para el pa\u00eds en 2023, en torno a los US$ 20.000 millones.<\/p>\n\n\n\n<p>En los \u00faltimos d\u00edas el fen\u00f3meno natural conocido como El Ni\u00f1o &#8211; Oscilaci\u00f3n del Sur (ENOS) pas\u00f3 ahora a una tercera etapa definida como &#8220;fase neutral, en la que la temperatura del agua del oc\u00e9ano no alcanza la condici\u00f3n necesaria para definirse como Ni\u00f1o o Ni\u00f1a&#8221;, explic\u00f3 la especialista del Instituto de Clima y Agua del Instituto Nacional de Tecnolog\u00eda Agropecuaria (INTA), Natalia Gattinoni.<\/p>\n\n\n\n<p>Indic\u00f3 asimismo que se espera que esta fase neutral se prolongue durante algunos meses y, si bien ya no estar\u00e1 presente La Ni\u00f1a, lo que a priori significa lluvias, pero menores a las normales para el pa\u00eds, esta fase neutral siembra dudas respecto a lo que pueda suceder durante este oto\u00f1o en cuanto a las precipitaciones, ya que &#8220;este fen\u00f3meno es el principal indicador de c\u00f3mo podr\u00edan comportarse las lluvias y las temperaturas en nuestro pa\u00eds&#8221;.<\/p>\n\n\n\n<p>Gattinoni se\u00f1al\u00f3 que el pron\u00f3stico clim\u00e1tico trimestral elaborado por el Servicio Meteorol\u00f3gico Nacional (SMN) indica que para gran parte del \u00e1rea agr\u00edcola pampeana &#8220;ser\u00e1 un oto\u00f1o que no se define claramente en cuanto a lluvias&#8221;.<\/p>\n\n\n\n<p>No obstante, advirti\u00f3 que en lo que respecta a la temperatura &#8220;es claro que hay m\u00e1s chances de un oto\u00f1o m\u00e1s c\u00e1lido, incluso en todo el pa\u00eds&#8221;.<\/p>\n\n\n\n<p>M\u00e1s all\u00e1 de que el pron\u00f3stico no aporte todav\u00eda claridad sobre qu\u00e9 puede pasar en la regi\u00f3n pampeana y el litoral argentino, la principal zona productiva del pa\u00eds, Gattinoni dijo que las lluvias &#8220;podr\u00edan comportarse seg\u00fan la climatolog\u00eda del lugar&#8221;.<\/p>\n\n\n\n<p>&#8220;En este sentido las lluvias de la regi\u00f3n pampeana rondan entre 200 y 300 mil\u00edmetros (mm) en todo el trimestre marzo-mayo. Tambi\u00e9n, las lluvias podr\u00edan estar influenciadas por otros fen\u00f3menos meteorol\u00f3gicos (como pueden ser los sistemas frontales) para los cuales necesitamos seguir los pron\u00f3sticos a corto y mediano plazo&#8221;, sostuvo la especialista.<\/p>\n\n\n\n<p>Por su parte, el analista agrometeorol\u00f3gico de la Bolsa de Cereales de C\u00f3rdoba (Bccba), Tom\u00e1s Kember, precis\u00f3 que &#8220;esta etapa neutral significa que las temperaturas y las lluvias deber\u00edan ser similares a lo normal para la \u00e9poca\u201d, y subray\u00f3 que \u201cgeneralmente, estos efectos se muestran primero en el sur de Brasil y despu\u00e9s se empiezan a ver poco a poco en Argentina&#8221;.<\/p>\n\n\n\n<p>Seg\u00fan Kember, &#8220;la regularizaci\u00f3n de las lluvias va a demorar un poco&#8221;, adem\u00e1s de que el trimestre abril-junio &#8220;no suele ser el m\u00e1s &#8216;llovedor'&#8221;.<\/p>\n\n\n\n<p>El especialista de la entidad agro burs\u00e1til sostuvo que, si bien podr\u00eda comenzar a haber un mayor volumen de lluvias a finales de marzo, &#8220;en este trimestre ya casi todos los cultivos definieron sus periodos cr\u00edticos&#8221;, por lo que nuevas precipitaciones no tendr\u00edan gran efecto sobre ellos, aunque en el norte &#8220;todav\u00eda hay algo de esperanza, porque reci\u00e9n empiezan a definir su rendimiento&#8221;.<\/p>\n\n\n\n<p>De ac\u00e1 en adelante la atenci\u00f3n estar\u00e1 puesta en las lluvias que puedan recomponer la humedad de los suelos de cara a la pr\u00f3xima campa\u00f1a fina.<\/p>\n\n\n\n<p>Algunos informes sostienen que en la Pampa H\u00fameda y en la zona de Rosario se precisan 300 mil\u00edmetros de agua en el perfil de suelo para ir pensando en la siembra de trigo.<\/p>\n\n\n\n<p>&#8220;Hoy hay muy pocas lluvias en lo que va del mes, por lo que tampoco hay tanta esperanza de que haya muchas lluvias en este trimestre, sino que las esperanzas est\u00e1n m\u00e1s depositadas para la primavera, con probabilidades de que venga un Ni\u00f1o (mayores lluvias que el promedio)&#8221;, finaliz\u00f3 Kember.<\/p>\n","protected":false},"excerpt":{"rendered":"<p>(Por Juan Manuel Colombo) Luego de tres a\u00f1os consecutivos de presencia sobre gran parte de los pa\u00edses del Cono Sur, finaliz\u00f3 la vigencia del fen\u00f3meno clim\u00e1tico seco La Ni\u00f1a en la regi\u00f3n y ahora el debate se centra en cu\u00e1ndo podr\u00eda comenzar a normalizarse el r\u00e9gimen de lluvias teniendo en cuenta que la zona pampeana [&hellip;]<\/p>\n","protected":false},"author":1,"featured_media":7786,"comment_status":"open","ping_status":"open","sticky":false,"template":"","format":"standard","meta":{"_monsterinsights_skip_tracking":false,"_monsterinsights_sitenote_active":false,"_monsterinsights_sitenote_note":"","_monsterinsights_sitenote_category":0,"footnotes":""},"categories":[152],"tags":[158],"class_list":["post-7964","post","type-post","status-publish","format-standard","has-post-thumbnail","hentry","category-pergamino","tag-158"],"_links":{"self":[{"href":"https:\/\/news.digitaltv.com.ar\/index.php?rest_route=\/wp\/v2\/posts\/7964","targetHints":{"allow":["GET"]}}],"collection":[{"href":"https:\/\/news.digitaltv.com.ar\/index.php?rest_route=\/wp\/v2\/posts"}],"about":[{"href":"https:\/\/news.digitaltv.com.ar\/index.php?rest_route=\/wp\/v2\/types\/post"}],"author":[{"embeddable":true,"href":"https:\/\/news.digitaltv.com.ar\/index.php?rest_route=\/wp\/v2\/users\/1"}],"replies":[{"embeddable":true,"href":"https:\/\/news.digitaltv.com.ar\/index.php?rest_route=%2Fwp%2Fv2%2Fcomments&post=7964"}],"version-history":[{"count":1,"href":"https:\/\/news.digitaltv.com.ar\/index.php?rest_route=\/wp\/v2\/posts\/7964\/revisions"}],"predecessor-version":[{"id":7965,"href":"https:\/\/news.digitaltv.com.ar\/index.php?rest_route=\/wp\/v2\/posts\/7964\/revisions\/7965"}],"wp:featuredmedia":[{"embeddable":true,"href":"https:\/\/news.digitaltv.com.ar\/index.php?rest_route=\/wp\/v2\/media\/7786"}],"wp:attachment":[{"href":"https:\/\/news.digitaltv.com.ar\/index.php?rest_route=%2Fwp%2Fv2%2Fmedia&parent=7964"}],"wp:term":[{"taxonomy":"category","embeddable":true,"href":"https:\/\/news.digitaltv.com.ar\/index.php?rest_route=%2Fwp%2Fv2%2Fcategories&post=7964"},{"taxonomy":"post_tag","embeddable":true,"href":"https:\/\/news.digitaltv.com.ar\/index.php?rest_route=%2Fwp%2Fv2%2Ftags&post=7964"}],"curies":[{"name":"wp","href":"https:\/\/api.w.org\/{rel}","templated":true}]}}