{"id":8011,"date":"2023-03-24T10:24:56","date_gmt":"2023-03-24T13:24:56","guid":{"rendered":"https:\/\/news.digitaltv.com.ar\/?p=8011"},"modified":"2023-03-24T10:25:14","modified_gmt":"2023-03-24T13:25:14","slug":"una-historia-de-lucha-una-historia-para-crecer","status":"publish","type":"post","link":"https:\/\/news.digitaltv.com.ar\/?p=8011","title":{"rendered":"UNA HISTORIA DE LUCHA, &#8220;UNA HISTORIA PARA CRECER&#8221;"},"content":{"rendered":"\n<p>Por Rosaura Audi, subsecretaria de Medios P\u00fablicos<\/p>\n\n\n\n<p>&#8220;No basta con recuperar la democracia de manos de la dictadura, es indispensable construirla y recrearla permanentemente, para nutrirla de principios orientadores que le den vida y le ratifiquen la profunda dimensi\u00f3n humana de sus principios&#8221;, se expres\u00f3 en un plenario de trabajadores de prensa realizado en Neuqu\u00e9n en diciembre de 1983.<\/p>\n\n\n\n<p>Comenzaba una nueva etapa, enfrentar el &#8220;drama-horror&#8221; de lo vivido y trabajar por la recuperaci\u00f3n de las instituciones, incluidos los sindicatos, as\u00ed como tambi\u00e9n la palabra. Al mismo tiempo, se continuaba por el sendero crucial de dar a conocer a toda la sociedad la verdad de lo sucedido y exigir justicia.<\/p>\n\n\n\n<p>Son 223 los trabajadores de prensa desaparecidos por la dictadura, seg\u00fan el Registro Unificado de V\u00edctimas del Terrorismo de Estado (RUVT). Otros fueron encarcelados o perseguidos de manera tal de anular sus vidas o debieron exiliarse.<\/p>\n\n\n\n<p>Parte de esta historia se cuenta minuciosamente en &#8220;Siete a\u00f1os de lucha contra la dictadura&#8221;, que escribieron mi padre, Rodolfo Audi, y Alfredo Carazo, publicado por una editorial de Caracas, Venezuela, en 1984.<\/p>\n\n\n\n<p>Tard\u00e9 39 a\u00f1os en abrir esas p\u00e1ginas y a\u00fan me cuesta. Como \u00e9l describe en la dedicatoria hecha en la primavera del 91 y con el sabor amargo de una democracia compleja: &#8220;Para Ro, que conoci\u00f3 esta historia sin saberlo, porque m\u00e1s bien la padeci\u00f3 que la vio. Fue una historia para crecer y tal vez eso sirvi\u00f3. Que te sirva de ejemplo, de ense\u00f1anza, no s\u00e9, porque todo est\u00e1 cambiando&#8221;.<\/p>\n\n\n\n<p>Rodolfo y Alfredo relatan la persecuci\u00f3n permanente a los compa\u00f1eros que se encontraban en los sindicatos de prensa de todo el pa\u00eds, se refieren a los esfuerzos de tantos sindicalistas de diversos gremios para organizarse, para dar batallas, para buscar a los desaparecidos. La militancia sindical no descans\u00f3 nunca, entre ella la de quienes ten\u00edan la tarea fundamental de comunicar pese a la censura.<\/p>\n\n\n\n<p>El libro comienza con el relato del 24 de marzo de 1976. Con las reuniones y negociaciones desesperadas ante la inminencia del golpe. Entre esos encuentros habla del de Lorenzo Miguel y Miguel Unamuno en el Ministerio de Trabajo. Fue la \u00faltima nota que sali\u00f3 de la agencia T\u00e9lam antes de la intervenci\u00f3n militar y llevaba las firmas de mi padre y de Am\u00e9rico Rial, el entonces director period\u00edstico de la agencia.<\/p>\n\n\n\n<p>No se ha encontrado esa nota, de la que habla el libro, en los archivos de la agencia. Pero esta ser\u00eda una buena reconstrucci\u00f3n: Buenos Aires, 24 de marzo (T\u00e9lam).- El secretario general de la Uni\u00f3n Obrera Metal\u00fargica (UOM) y titular de &#8220;las 62 organizaciones&#8221;, Lorenzo Miguel, se reuni\u00f3 esta noche con el ministro de Trabajo, Miguel Unamuno, y anunci\u00f3 &#8220;la huelga revolucionaria en defensa del orden institucional&#8221;. RA &#8211; AR.<\/p>\n\n\n\n<p>Los trabajadores de prensa de todo el pa\u00eds fueron actores esenciales en la lucha contra la dictadura c\u00edvico militar, muchas veces en el anonimato o refugiados detr\u00e1s de seud\u00f3nimos para proteger la vida misma.<\/p>\n\n\n\n<p>Es una historia que debemos mantener latente en nuestra memoria, m\u00e1s que nunca en tiempos en que la concentraci\u00f3n y la hegemon\u00eda de discurso adquieren una envergadura global, con la inteligencia artificial y los algoritmos de selecci\u00f3n y recomendaci\u00f3n jugando un rol que puede poner en jaque a nuestras democracias y ser el nuevo nombre de la censura.<\/p>\n","protected":false},"excerpt":{"rendered":"<p>Por Rosaura Audi, subsecretaria de Medios P\u00fablicos &#8220;No basta con recuperar la democracia de manos de la dictadura, es indispensable construirla y recrearla permanentemente, para nutrirla de principios orientadores que le den vida y le ratifiquen la profunda dimensi\u00f3n humana de sus principios&#8221;, se expres\u00f3 en un plenario de trabajadores de prensa realizado en Neuqu\u00e9n [&hellip;]<\/p>\n","protected":false},"author":1,"featured_media":8012,"comment_status":"open","ping_status":"open","sticky":false,"template":"","format":"standard","meta":{"_monsterinsights_skip_tracking":false,"_monsterinsights_sitenote_active":false,"_monsterinsights_sitenote_note":"","_monsterinsights_sitenote_category":0,"footnotes":""},"categories":[150],"tags":[158],"class_list":["post-8011","post","type-post","status-publish","format-standard","has-post-thumbnail","hentry","category-actualidad","tag-158"],"_links":{"self":[{"href":"https:\/\/news.digitaltv.com.ar\/index.php?rest_route=\/wp\/v2\/posts\/8011","targetHints":{"allow":["GET"]}}],"collection":[{"href":"https:\/\/news.digitaltv.com.ar\/index.php?rest_route=\/wp\/v2\/posts"}],"about":[{"href":"https:\/\/news.digitaltv.com.ar\/index.php?rest_route=\/wp\/v2\/types\/post"}],"author":[{"embeddable":true,"href":"https:\/\/news.digitaltv.com.ar\/index.php?rest_route=\/wp\/v2\/users\/1"}],"replies":[{"embeddable":true,"href":"https:\/\/news.digitaltv.com.ar\/index.php?rest_route=%2Fwp%2Fv2%2Fcomments&post=8011"}],"version-history":[{"count":1,"href":"https:\/\/news.digitaltv.com.ar\/index.php?rest_route=\/wp\/v2\/posts\/8011\/revisions"}],"predecessor-version":[{"id":8013,"href":"https:\/\/news.digitaltv.com.ar\/index.php?rest_route=\/wp\/v2\/posts\/8011\/revisions\/8013"}],"wp:featuredmedia":[{"embeddable":true,"href":"https:\/\/news.digitaltv.com.ar\/index.php?rest_route=\/wp\/v2\/media\/8012"}],"wp:attachment":[{"href":"https:\/\/news.digitaltv.com.ar\/index.php?rest_route=%2Fwp%2Fv2%2Fmedia&parent=8011"}],"wp:term":[{"taxonomy":"category","embeddable":true,"href":"https:\/\/news.digitaltv.com.ar\/index.php?rest_route=%2Fwp%2Fv2%2Fcategories&post=8011"},{"taxonomy":"post_tag","embeddable":true,"href":"https:\/\/news.digitaltv.com.ar\/index.php?rest_route=%2Fwp%2Fv2%2Ftags&post=8011"}],"curies":[{"name":"wp","href":"https:\/\/api.w.org\/{rel}","templated":true}]}}