{"id":8042,"date":"2023-03-27T08:59:13","date_gmt":"2023-03-27T11:59:13","guid":{"rendered":"https:\/\/news.digitaltv.com.ar\/?p=8042"},"modified":"2023-03-28T07:50:13","modified_gmt":"2023-03-28T10:50:13","slug":"vizzotti-considero-un-honor-lanzar-en-simultaneo-la-campana-antigripal-en-todo-el-pais","status":"publish","type":"post","link":"https:\/\/news.digitaltv.com.ar\/?p=8042","title":{"rendered":"VIZZOTTI CONSIDER\u00d3 UN &#8220;HONOR&#8221; LANZAR EN SIMULT\u00c1NEO LA CAMPA\u00d1A ANTIGRIPAL EN TODO EL PA\u00cdS"},"content":{"rendered":"\n<p>La ministra de Salud, Carla Vizzotti, destac\u00f3 que el inicio de la campa\u00f1a de vacunaci\u00f3n antigripal 2023 &#8220;en simult\u00e1neo con todas las provincias es un honor&#8221;, al encabezar el lanzamiento en la ciudad neuquina de San Mart\u00edn de los Andes, y remarc\u00f3 que &#8220;es importante lograr el objetivo y recordar lo que fuimos capaces de hacer en la pandemia para ir por mucho m\u00e1s&#8221;.<\/p>\n\n\n\n<p>Durante su discurso, Vizzotti tambi\u00e9n puso en valor el trabajo de las vacunadoras y vacunadores que &#8220;lo dieron todo cuando hubo que reformularse y hacer cosas m\u00e1s grandes, se increment\u00f3 mucho la cantidad de vacunas que se est\u00e1n aplicando, de Calendario, campa\u00f1a antigripal, de sarampi\u00f3n, Covid&#8221;.<\/p>\n\n\n\n<p>Y se\u00f1al\u00f3 que &#8220;s\u00e9 que todo esto implica un esfuerzo enorme, pero el resultado es hermoso y ustedes son el eslab\u00f3n de oro, siempre con ese amor y pasi\u00f3n por su trabajo&#8221;, refiri\u00e9ndose al grupo de vacunadores presentes en el acto.<\/p>\n\n\n\n<p>En su visita, la ministra recorri\u00f3 junto al subsecretario de Salud de Neuqu\u00e9n, Alejandro Ramella, los espacios de vacunaci\u00f3n del Centro Modular Sanitario de San Mart\u00edn de los Andes.<\/p>\n\n\n\n<p>En simult\u00e1neo se realiz\u00f3, en el Hospital Nacional Posadas de la provincia de Buenos Aires, una jornada de vacunaci\u00f3n antigripal que cont\u00f3 con la presencia del subsecretario de Estrategias Sanitarias, Juan Manuel Castelli; la directora de Control de Enfermedades Inmunoprevenibles, Florencia Bruggesser; y el director Nacional Ejecutivo del Hospital Posadas, Adri\u00e1n Tarditti.<\/p>\n\n\n\n<p>La campa\u00f1a est\u00e1 dirigida a personal de salud, personas gestantes (en cualquier momento del embarazo), personas pu\u00e9rperas (antes del egreso de la maternidad), ni\u00f1as y ni\u00f1os de 6 a 24 meses de edad, personas de 2 a 64 a\u00f1os con factores de riesgo y poblaci\u00f3n general a partir de los 65 a\u00f1os.<\/p>\n\n\n\n<p>Con el prop\u00f3sito de llevar adelante la campa\u00f1a y cumplir con los objetivos propuestos, la cartera sanitaria nacional adquiri\u00f3 9.300.000 dosis de la vacuna antigripal trivalente.<\/p>\n\n\n\n<p>Del total, 5.500.000 dosis corresponden a vacuna antigripal adulto trivalente, 1.500.000 dosis de la vacuna antigripal pedi\u00e1trica trivalente y 2.300.000 son dosis de vacuna antigripal adyuvantada trivalente, destinada a mayores de 65 a\u00f1os.<\/p>\n\n\n\n<p>La vacuna es gratuita para los grupos mencionados y se puede aplicar junto con cualquier otra vacuna de referencia.<\/p>\n\n\n\n<p>Por otro lado, tambi\u00e9n se inform\u00f3 que la cartera sanitaria complet\u00f3 -el pasado 9 de marzo- la primera distribuci\u00f3n de 730.130 dosis de vacuna antigripal trivalente para adultos en todas las jurisdicciones del pa\u00eds, y entre el 13 y 14 del corriente mes se entregaron 911.120 dosis pedi\u00e1tricas.<\/p>\n\n\n\n<p>Asimismo, entre el martes y mi\u00e9rcoles pr\u00f3ximo se realizar\u00e1 una nueva distribuci\u00f3n de 898.560 vacunas para adultos y de este modo se continuar\u00e1 con las entregas de manera escalonada hasta distribuir su totalidad.<\/p>\n\n\n\n<p>Esta distribuci\u00f3n anticipada, previa al lanzamiento de la campa\u00f1a, permite la descentralizaci\u00f3n de las dosis en cada una de las jurisdicciones, indicaron desde la cartera de Salud.<\/p>\n\n\n\n<p>Adem\u00e1s, desde el Ministerio recomendaron que la vacunaci\u00f3n antigripal debe ser efectuada en &#8220;forma oportuna, idealmente antes del comienzo del invierno, etapa de la mayor circulaci\u00f3n del virus influenza&#8221;.<\/p>\n\n\n\n<p>No obstante, y en consonancia con el escenario epidemiol\u00f3gico nacional, regional y local, indicaron que la vacunaci\u00f3n antigripal se continuar\u00e1 realizando durante el resto del a\u00f1o debido a la din\u00e1mica de circulaci\u00f3n viral.<\/p>\n\n\n\n<p>Con el lanzamiento de la estrategia antigripal, la cartera sanitaria tambi\u00e9n se\u00f1al\u00f3 que &#8220;es una buena oportunidad para recordar la importancia de la aplicaci\u00f3n de vacunas contra la Covid-19, dirigida a prevenir las complicaciones ocasionadas por la enfermedad&#8221;.<\/p>\n\n\n\n<p>En este sentido, transcurridos los cuatro meses de la aplicaci\u00f3n de la \u00faltima dosis puede administrarse junto con la vacuna antigripal una dosis de refuerzo contra el coronavirus.<\/p>\n\n\n\n<p>Por \u00faltimo, se record\u00f3 que ambas vacunas est\u00e1n disponibles de forma gratuita en vacunatorios y hospitales p\u00fablicos en todo el pa\u00eds.<\/p>\n","protected":false},"excerpt":{"rendered":"<p>La ministra de Salud, Carla Vizzotti, destac\u00f3 que el inicio de la campa\u00f1a de vacunaci\u00f3n antigripal 2023 &#8220;en simult\u00e1neo con todas las provincias es un honor&#8221;, al encabezar el lanzamiento en la ciudad neuquina de San Mart\u00edn de los Andes, y remarc\u00f3 que &#8220;es importante lograr el objetivo y recordar lo que fuimos capaces de [&hellip;]<\/p>\n","protected":false},"author":1,"featured_media":8043,"comment_status":"open","ping_status":"open","sticky":false,"template":"","format":"standard","meta":{"_monsterinsights_skip_tracking":false,"_monsterinsights_sitenote_active":false,"_monsterinsights_sitenote_note":"","_monsterinsights_sitenote_category":0,"footnotes":""},"categories":[151],"tags":[160],"class_list":["post-8042","post","type-post","status-publish","format-standard","has-post-thumbnail","hentry","category-salud","tag-160"],"_links":{"self":[{"href":"https:\/\/news.digitaltv.com.ar\/index.php?rest_route=\/wp\/v2\/posts\/8042","targetHints":{"allow":["GET"]}}],"collection":[{"href":"https:\/\/news.digitaltv.com.ar\/index.php?rest_route=\/wp\/v2\/posts"}],"about":[{"href":"https:\/\/news.digitaltv.com.ar\/index.php?rest_route=\/wp\/v2\/types\/post"}],"author":[{"embeddable":true,"href":"https:\/\/news.digitaltv.com.ar\/index.php?rest_route=\/wp\/v2\/users\/1"}],"replies":[{"embeddable":true,"href":"https:\/\/news.digitaltv.com.ar\/index.php?rest_route=%2Fwp%2Fv2%2Fcomments&post=8042"}],"version-history":[{"count":1,"href":"https:\/\/news.digitaltv.com.ar\/index.php?rest_route=\/wp\/v2\/posts\/8042\/revisions"}],"predecessor-version":[{"id":8044,"href":"https:\/\/news.digitaltv.com.ar\/index.php?rest_route=\/wp\/v2\/posts\/8042\/revisions\/8044"}],"wp:featuredmedia":[{"embeddable":true,"href":"https:\/\/news.digitaltv.com.ar\/index.php?rest_route=\/wp\/v2\/media\/8043"}],"wp:attachment":[{"href":"https:\/\/news.digitaltv.com.ar\/index.php?rest_route=%2Fwp%2Fv2%2Fmedia&parent=8042"}],"wp:term":[{"taxonomy":"category","embeddable":true,"href":"https:\/\/news.digitaltv.com.ar\/index.php?rest_route=%2Fwp%2Fv2%2Fcategories&post=8042"},{"taxonomy":"post_tag","embeddable":true,"href":"https:\/\/news.digitaltv.com.ar\/index.php?rest_route=%2Fwp%2Fv2%2Ftags&post=8042"}],"curies":[{"name":"wp","href":"https:\/\/api.w.org\/{rel}","templated":true}]}}