{"id":8045,"date":"2023-03-27T09:01:23","date_gmt":"2023-03-27T12:01:23","guid":{"rendered":"https:\/\/news.digitaltv.com.ar\/?p=8045"},"modified":"2023-03-27T09:01:37","modified_gmt":"2023-03-27T12:01:37","slug":"no-existe-grandeza-en-lo-obvio","status":"publish","type":"post","link":"https:\/\/news.digitaltv.com.ar\/?p=8045","title":{"rendered":"NO EXISTE GRANDEZA EN LO OBVIO"},"content":{"rendered":"\n<p>Despu\u00e9s del video realizado por Mauricio Macri para anunciar que no se postular\u00e1 en estas elecciones 2023 a una candidatura presidencial por tercera vez, varios (simpatizantes, como m\u00ednimo), salieron a calificar la actitud del ex presidente como \u201chumilde\u201d, \u201cvaliente\u201d y se lleg\u00f3 a subrayar como \u201cun acto de grandeza\u201d.<br>Ahora bien, vale la pena analizar lo que vimos.<br>En primera instancia tenemos un fallido ex presidente derrotado en sus ansias de reelecci\u00f3n sin haber podido llegar siquiera al balotaje ante un candidato con el respaldo peronista, pero mediocre.<br>Despu\u00e9s de especulaciones, solo tejidas dentro de su propio espacio, ese l\u00edder interno reaparece para anunciar a viva voz y como si verdaderamente alguien pudiera pensar lo contrario, que finalmente no ser\u00e1 candidato en las presidenciales que se vienen.<br>Pero tambi\u00e9n vemos un discurso reiterativo, en los 6 minutos y 7 segundos que dura no se repite m\u00e1s que el relato que viene esgrimiendo desde que contrat\u00f3 la experta asesor\u00eda de Dur\u00e1n Barba para ganar aquella elecci\u00f3n del 2015: \u201cLa culpa es del pueblo argentino que por 80 a\u00f1os vot\u00f3 lo que quiso, equivocado, obvio. La culpa es de que el pueblo le crey\u00f3 a los \u201cmalos\u201d en vez de a los \u201cbuenos\u201d, sacando los cuatro a\u00f1os de su mandato, obvio.<br>La culpa es de todos, menos de \u00e9l, de su ministro de econom\u00eda, de su jefe de gabinete y del resto que lo acompa\u00f1e y piense que la deuda fue una buena idea financiera\u201d.<br>Esto tambi\u00e9n ya lo vimos y o\u00edmos. Desde diferentes sectores y en diferentes momentos de la historia.<br>Ahora bien, solo resta analizar lo que ya todos sabemos; no existe grandeza en lo obvio. La grandeza radica en lo extraordinario y lo extraordinario rara vez suele ser predecible (o menester de alg\u00fan pol\u00edtico moderno).<br>Ah\u00ed la gracia del asunto amigos.<\/p>\n\n\n\n<p>Opini\u00f3n: Julio Montero (periodista Data Digital 105.1)<\/p>\n","protected":false},"excerpt":{"rendered":"<p>Despu\u00e9s del video realizado por Mauricio Macri para anunciar que no se postular\u00e1 en estas elecciones 2023 a una candidatura presidencial por tercera vez, varios (simpatizantes, como m\u00ednimo), salieron a calificar la actitud del ex presidente como \u201chumilde\u201d, \u201cvaliente\u201d y se lleg\u00f3 a subrayar como \u201cun acto de grandeza\u201d.Ahora bien, vale la pena analizar lo [&hellip;]<\/p>\n","protected":false},"author":1,"featured_media":6016,"comment_status":"open","ping_status":"open","sticky":false,"template":"","format":"standard","meta":{"_monsterinsights_skip_tracking":false,"_monsterinsights_sitenote_active":false,"_monsterinsights_sitenote_note":"","_monsterinsights_sitenote_category":0,"footnotes":""},"categories":[6],"tags":[158],"class_list":["post-8045","post","type-post","status-publish","format-standard","has-post-thumbnail","hentry","category-politica","tag-158"],"_links":{"self":[{"href":"https:\/\/news.digitaltv.com.ar\/index.php?rest_route=\/wp\/v2\/posts\/8045","targetHints":{"allow":["GET"]}}],"collection":[{"href":"https:\/\/news.digitaltv.com.ar\/index.php?rest_route=\/wp\/v2\/posts"}],"about":[{"href":"https:\/\/news.digitaltv.com.ar\/index.php?rest_route=\/wp\/v2\/types\/post"}],"author":[{"embeddable":true,"href":"https:\/\/news.digitaltv.com.ar\/index.php?rest_route=\/wp\/v2\/users\/1"}],"replies":[{"embeddable":true,"href":"https:\/\/news.digitaltv.com.ar\/index.php?rest_route=%2Fwp%2Fv2%2Fcomments&post=8045"}],"version-history":[{"count":1,"href":"https:\/\/news.digitaltv.com.ar\/index.php?rest_route=\/wp\/v2\/posts\/8045\/revisions"}],"predecessor-version":[{"id":8046,"href":"https:\/\/news.digitaltv.com.ar\/index.php?rest_route=\/wp\/v2\/posts\/8045\/revisions\/8046"}],"wp:featuredmedia":[{"embeddable":true,"href":"https:\/\/news.digitaltv.com.ar\/index.php?rest_route=\/wp\/v2\/media\/6016"}],"wp:attachment":[{"href":"https:\/\/news.digitaltv.com.ar\/index.php?rest_route=%2Fwp%2Fv2%2Fmedia&parent=8045"}],"wp:term":[{"taxonomy":"category","embeddable":true,"href":"https:\/\/news.digitaltv.com.ar\/index.php?rest_route=%2Fwp%2Fv2%2Fcategories&post=8045"},{"taxonomy":"post_tag","embeddable":true,"href":"https:\/\/news.digitaltv.com.ar\/index.php?rest_route=%2Fwp%2Fv2%2Ftags&post=8045"}],"curies":[{"name":"wp","href":"https:\/\/api.w.org\/{rel}","templated":true}]}}