{"id":8067,"date":"2023-03-27T10:21:46","date_gmt":"2023-03-27T13:21:46","guid":{"rendered":"https:\/\/news.digitaltv.com.ar\/?p=8067"},"modified":"2023-03-27T10:21:47","modified_gmt":"2023-03-27T13:21:47","slug":"a-sus-93-anos-hector-alterio-se-despide-de-los-escenarios-argentinos-con-a-buenos-aires","status":"publish","type":"post","link":"https:\/\/news.digitaltv.com.ar\/?p=8067","title":{"rendered":"A sus 93 a\u00f1os, H\u00e9ctor Alterio se despide de los escenarios argentinos con &#8220;A Buenos Aires&#8221;"},"content":{"rendered":"\n<p>El actor H\u00e9ctor Alterio, radicado en Espa\u00f1a, se despedir\u00e1 de los escenarios porte\u00f1os a los 93 a\u00f1os con el espect\u00e1culo \u201cA Buenos Aires\u201d, que se podr\u00e1 ver desde el viernes 7 de abril en el teatro Astros, donde presentar\u00e1 12 \u00fanicas funciones.<\/p>\n\n\n\n<p>Luego de su conmovedora presentaci\u00f3n en Madrid, esta es una oportunidad que tiene el p\u00fablico argentino de disfrutar de su voz y la gran presencia esc\u00e9nica de uno de los int\u00e9rpretes m\u00e1s reconocidos del pa\u00eds.<\/p>\n\n\n\n<p>Esta pieza, que cuenta con la dramaturgia y direcci\u00f3n de \u00c1ngela Bacaicoa, la compa\u00f1era de vida de Alterio, se remonta a 1974, cuando el actor se fue con m\u00e1s de 40 a\u00f1os a Espa\u00f1a para recibir un premio y, cuando quiso volver, ya no hab\u00eda aviones de regreso para \u00e9l.<\/p>\n\n\n\n<p>Casi medio siglo despu\u00e9s y sobre la base de una peque\u00f1a historia, un viaje de ida y vuelta Buenos Aires-Madrid-Buenos Aires, el protagonista de pel\u00edculas como &#8220;La tregua&#8221;, &#8220;Camila&#8221;, &#8220;La historia oficial&#8221; y &#8220;El hijo de la novia&#8221;, entre otras, traer\u00e1 de regreso los recuerdos de esos tiempos en la poes\u00eda, la m\u00fasica y la emoci\u00f3n.<\/p>\n\n\n\n<p>El actor regresar\u00e1 al pa\u00eds para presentar esta propuesta en la que, entre el amor y el humor, recitar\u00e1 tangos e ir\u00e1 hilvanando la emoci\u00f3n de todos estos a\u00f1os entre Le\u00f3n Felipe, C\u00e1tulo Castillo, Piazzolla, Horacio Ferrer, Hamlet Lima Quintana y Eladia Bl\u00e1zquez.<\/p>\n\n\n\n<p>\u201cA Buenos Aires\u201d cuenta con la direcci\u00f3n musical y piano de Juan Esteban Cuacci, la producci\u00f3n de Cipe Fridman y Andrea Stivel; y las funciones en la sala de Av. Corrientes 746 ser\u00e1n los viernes, s\u00e1bados y domingos de abril a las 20.30.<\/p>\n","protected":false},"excerpt":{"rendered":"<p>El actor H\u00e9ctor Alterio, radicado en Espa\u00f1a, se despedir\u00e1 de los escenarios porte\u00f1os a los 93 a\u00f1os con el espect\u00e1culo \u201cA Buenos Aires\u201d, que se podr\u00e1 ver desde el viernes 7 de abril en el teatro Astros, donde presentar\u00e1 12 \u00fanicas funciones. Luego de su conmovedora presentaci\u00f3n en Madrid, esta es una oportunidad que tiene [&hellip;]<\/p>\n","protected":false},"author":8,"featured_media":8068,"comment_status":"open","ping_status":"open","sticky":false,"template":"","format":"standard","meta":{"_monsterinsights_skip_tracking":false,"_monsterinsights_sitenote_active":false,"_monsterinsights_sitenote_note":"","_monsterinsights_sitenote_category":0,"footnotes":""},"categories":[155,2],"tags":[171],"class_list":["post-8067","post","type-post","status-publish","format-standard","has-post-thumbnail","hentry","category-cultura","category-espectaculos","tag-171"],"_links":{"self":[{"href":"https:\/\/news.digitaltv.com.ar\/index.php?rest_route=\/wp\/v2\/posts\/8067","targetHints":{"allow":["GET"]}}],"collection":[{"href":"https:\/\/news.digitaltv.com.ar\/index.php?rest_route=\/wp\/v2\/posts"}],"about":[{"href":"https:\/\/news.digitaltv.com.ar\/index.php?rest_route=\/wp\/v2\/types\/post"}],"author":[{"embeddable":true,"href":"https:\/\/news.digitaltv.com.ar\/index.php?rest_route=\/wp\/v2\/users\/8"}],"replies":[{"embeddable":true,"href":"https:\/\/news.digitaltv.com.ar\/index.php?rest_route=%2Fwp%2Fv2%2Fcomments&post=8067"}],"version-history":[{"count":1,"href":"https:\/\/news.digitaltv.com.ar\/index.php?rest_route=\/wp\/v2\/posts\/8067\/revisions"}],"predecessor-version":[{"id":8069,"href":"https:\/\/news.digitaltv.com.ar\/index.php?rest_route=\/wp\/v2\/posts\/8067\/revisions\/8069"}],"wp:featuredmedia":[{"embeddable":true,"href":"https:\/\/news.digitaltv.com.ar\/index.php?rest_route=\/wp\/v2\/media\/8068"}],"wp:attachment":[{"href":"https:\/\/news.digitaltv.com.ar\/index.php?rest_route=%2Fwp%2Fv2%2Fmedia&parent=8067"}],"wp:term":[{"taxonomy":"category","embeddable":true,"href":"https:\/\/news.digitaltv.com.ar\/index.php?rest_route=%2Fwp%2Fv2%2Fcategories&post=8067"},{"taxonomy":"post_tag","embeddable":true,"href":"https:\/\/news.digitaltv.com.ar\/index.php?rest_route=%2Fwp%2Fv2%2Ftags&post=8067"}],"curies":[{"name":"wp","href":"https:\/\/api.w.org\/{rel}","templated":true}]}}