{"id":8093,"date":"2023-03-27T17:53:42","date_gmt":"2023-03-27T20:53:42","guid":{"rendered":"https:\/\/news.digitaltv.com.ar\/?p=8093"},"modified":"2023-03-27T17:53:42","modified_gmt":"2023-03-27T20:53:42","slug":"el-baston-presidencial-es-importante-para-todos-los-argentinos-dijo-juan-carlos-pallarols","status":"publish","type":"post","link":"https:\/\/news.digitaltv.com.ar\/?p=8093","title":{"rendered":"&#8220;El bast\u00f3n presidencial es importante para todos los argentinos&#8221;, dijo Juan Carlos Pallarols"},"content":{"rendered":"\n<p>El orfebre Juan Carlos Pallarols, quien est\u00e1 trabajando en el bast\u00f3n presidencial para el pr\u00f3ximo jefe de Estado, afirm\u00f3 hoy en Bah\u00eda Blanca que ese s\u00edmbolo &#8220;es importante para todo el pueblo argentino&#8221; y por ello lo hace cincelar por la mayor cantidad posible de ciudadanos.<\/p>\n\n\n\n<p>&#8220;El bast\u00f3n (para el pr\u00f3ximo Presidente) lo empec\u00e9 el 13 de abril (de 2022), me lleva un a\u00f1o y medio hacerlo y si lo hago solo me lleva un poco m\u00e1s de una semana; pero el hecho es que trabajen 5 millones de personas, todas las que puedan&#8221;, agreg\u00f3 Pallarols, quien por ese motivo recorre gran parte del pa\u00eds.<\/p>\n\n\n\n<p>El orfebre, de 80 a\u00f1os, formul\u00f3 estos conceptos a la prensa en el marco de una visita a Bah\u00eda Blanca, ciudad en la que los vecinos y vecinas podr\u00e1n participar en la actividad para cincelar la empu\u00f1adura del bast\u00f3n de mando del pr\u00f3ximo jefe de Estado.<\/p>\n\n\n\n<p>Pallarols dijo que &#8220;a m\u00ed me toc\u00f3 pasar 30 a\u00f1os sin votar, sent\u00eda la necesidad de votar con frecuencia cada cuatro a\u00f1os, sin que se interrumpa, pens\u00e9 que iba a ser algo importante, tal vez no la trascendencia que tiene hoy&#8221;.<\/p>\n\n\n\n<p>&#8220;Estoy feliz de haber vivido los 40 a\u00f1os de democracia, espero llegar al 10 de diciembre y son un mont\u00f3n de sensaciones diferentes&#8221;, afirm\u00f3.<\/p>\n\n\n\n<p>El orfebre indic\u00f3 adem\u00e1s que &#8220;desde el primer d\u00eda hasta hoy me abren las puertas de todos lados, el bast\u00f3n es como un pasaporte important\u00edsimo, la gente tiene conciencia y quiere votar&#8221;.<\/p>\n\n\n\n<p>&#8220;Me gustar\u00eda que lo tenga alguien con la capacidad, el amor necesario y el patriotismo para poder cambiar el curso de la historia&#8221;, agreg\u00f3 en referencia al futuro jefe de Estado.<\/p>\n\n\n\n<p>Sobre su legado expres\u00f3: &#8220;espero que cuando no est\u00e9, alguien lo seguir\u00e1 y ojal\u00e1 que sea por muchos a\u00f1os&#8221;.<\/p>\n\n\n\n<p>En junio de 1982 dise\u00f1\u00f3 un c\u00e1liz con el que Juan Pablo II ofici\u00f3 la Misa por la Paz en Buenos Aires y tambi\u00e9n hizo un c\u00e1liz para el actual papa Francisco.<\/p>\n","protected":false},"excerpt":{"rendered":"<p>El orfebre Juan Carlos Pallarols, quien est\u00e1 trabajando en el bast\u00f3n presidencial para el pr\u00f3ximo jefe de Estado, afirm\u00f3 hoy en Bah\u00eda Blanca que ese s\u00edmbolo &#8220;es importante para todo el pueblo argentino&#8221; y por ello lo hace cincelar por la mayor cantidad posible de ciudadanos. &#8220;El bast\u00f3n (para el pr\u00f3ximo Presidente) lo empec\u00e9 el [&hellip;]<\/p>\n","protected":false},"author":8,"featured_media":8094,"comment_status":"open","ping_status":"open","sticky":false,"template":"","format":"standard","meta":{"_monsterinsights_skip_tracking":false,"_monsterinsights_sitenote_active":false,"_monsterinsights_sitenote_note":"","_monsterinsights_sitenote_category":0,"footnotes":""},"categories":[155,1],"tags":[],"class_list":["post-8093","post","type-post","status-publish","format-standard","has-post-thumbnail","hentry","category-cultura","category-sin-categoria"],"_links":{"self":[{"href":"https:\/\/news.digitaltv.com.ar\/index.php?rest_route=\/wp\/v2\/posts\/8093","targetHints":{"allow":["GET"]}}],"collection":[{"href":"https:\/\/news.digitaltv.com.ar\/index.php?rest_route=\/wp\/v2\/posts"}],"about":[{"href":"https:\/\/news.digitaltv.com.ar\/index.php?rest_route=\/wp\/v2\/types\/post"}],"author":[{"embeddable":true,"href":"https:\/\/news.digitaltv.com.ar\/index.php?rest_route=\/wp\/v2\/users\/8"}],"replies":[{"embeddable":true,"href":"https:\/\/news.digitaltv.com.ar\/index.php?rest_route=%2Fwp%2Fv2%2Fcomments&post=8093"}],"version-history":[{"count":1,"href":"https:\/\/news.digitaltv.com.ar\/index.php?rest_route=\/wp\/v2\/posts\/8093\/revisions"}],"predecessor-version":[{"id":8095,"href":"https:\/\/news.digitaltv.com.ar\/index.php?rest_route=\/wp\/v2\/posts\/8093\/revisions\/8095"}],"wp:featuredmedia":[{"embeddable":true,"href":"https:\/\/news.digitaltv.com.ar\/index.php?rest_route=\/wp\/v2\/media\/8094"}],"wp:attachment":[{"href":"https:\/\/news.digitaltv.com.ar\/index.php?rest_route=%2Fwp%2Fv2%2Fmedia&parent=8093"}],"wp:term":[{"taxonomy":"category","embeddable":true,"href":"https:\/\/news.digitaltv.com.ar\/index.php?rest_route=%2Fwp%2Fv2%2Fcategories&post=8093"},{"taxonomy":"post_tag","embeddable":true,"href":"https:\/\/news.digitaltv.com.ar\/index.php?rest_route=%2Fwp%2Fv2%2Ftags&post=8093"}],"curies":[{"name":"wp","href":"https:\/\/api.w.org\/{rel}","templated":true}]}}