{"id":8096,"date":"2023-03-27T18:00:19","date_gmt":"2023-03-27T21:00:19","guid":{"rendered":"https:\/\/news.digitaltv.com.ar\/?p=8096"},"modified":"2023-03-27T18:00:19","modified_gmt":"2023-03-27T21:00:19","slug":"declaran-al-jardin-botanico-como-el-primer-refugio-climatico-de-la-ciudad-de-buenos-aires","status":"publish","type":"post","link":"https:\/\/news.digitaltv.com.ar\/?p=8096","title":{"rendered":"Declaran al Jard\u00edn Bot\u00e1nico como el primer &#8220;refugio clim\u00e1tico&#8221; de la ciudad de Buenos Aires"},"content":{"rendered":"\n<p>El Jard\u00edn Bot\u00e1nico Carlos Thays, ubicado en el barrio porte\u00f1o de Palermo, fue seleccionado por la Agencia de Protecci\u00f3n Ambiental como el primer &#8220;refugio clim\u00e1tico&#8221; de la ciudad de Buenos Aires porque que en su interior y en sus veredas registra en promedio 4.8 grados menos que en sus alrededores, inform\u00f3 hoy la Secretar\u00eda de Ambiente.<\/p>\n\n\n\n<p>Con sus 7 hect\u00e1reas, con m\u00e1s de 6 mil especies de \u00e1rboles y plantas aut\u00f3ctonas, el parque constituye uno de los principales espacios verdes de la zona y ofrece protecci\u00f3n durante los eventos de temperaturas extremas, que ser\u00e1n m\u00e1s frecuentes debido al cambio clim\u00e1tico.<\/p>\n\n\n\n<p>&#8220;Es importante contar con lugares que posibiliten mitigar el impacto del clima. El Jard\u00edn, por su biodiversidad, ofrece las condiciones necesarias para que los ciudadanos puedan tener un alivio ante las altas temperaturas&#8221;, explic\u00f3 la secretaria de Ambiente de la ciudad, In\u00e9s Gorbea, sobre el Jard\u00edn Bot\u00e1nico, que fue inaugurado en 1898.<\/p>\n\n\n\n<p>En los \u00faltimos 60 a\u00f1os, la ciudad de Buenos Aires registr\u00f3 un aumento de la frecuencia y duraci\u00f3n de eventos clim\u00e1ticos extremos, como por ejemplo las olas de calor que, seg\u00fan lo establecido por el Servicio Meteorol\u00f3gico Nacional (SMN), se presentan cuando la temperatura m\u00ednima supera los 22 grados y la m\u00e1xima los 32.3, al menos por tres d\u00edas seguidos.<\/p>\n\n\n\n<p>&#8220;Durante la temporada estival 2022-2023, entre los meses de noviembre y marzo, se vivieron en Argentina diez olas de calor. En tanto, en la ciudad de Buenos Aires se experimentaron cinco y el verano m\u00e1s c\u00e1lido desde que se tienen registros&#8221;, alertaron desde el Gobierno porte\u00f1o.<\/p>\n\n\n\n<p>El Jard\u00edn Bot\u00e1nico fue elegido como refugio clim\u00e1tico debido a que registra menos temperatura que la informada por las Estaciones Meteorol\u00f3gicas del SMN en otros puntos del territorio porte\u00f1o.<\/p>\n\n\n\n<p>Los refugios clim\u00e1ticos son espacios que le brindan a la poblaci\u00f3n un lugar confortable y fresco durante eventos de temperaturas muy altas. Pueden ser sitios cerrados como escuelas, bibliotecas o centros comunitarios o tambi\u00e9n abiertos como parques y plazas, se\u00f1alaron.<\/p>\n\n\n\n<p>El Jard\u00edn cuenta con una Estaci\u00f3n Meteorol\u00f3gica propia, que lleva registros diarios de temperatura, humedad y precipitaciones.<\/p>\n","protected":false},"excerpt":{"rendered":"<p>El Jard\u00edn Bot\u00e1nico Carlos Thays, ubicado en el barrio porte\u00f1o de Palermo, fue seleccionado por la Agencia de Protecci\u00f3n Ambiental como el primer &#8220;refugio clim\u00e1tico&#8221; de la ciudad de Buenos Aires porque que en su interior y en sus veredas registra en promedio 4.8 grados menos que en sus alrededores, inform\u00f3 hoy la Secretar\u00eda de [&hellip;]<\/p>\n","protected":false},"author":8,"featured_media":8098,"comment_status":"open","ping_status":"open","sticky":false,"template":"","format":"standard","meta":{"_monsterinsights_skip_tracking":false,"_monsterinsights_sitenote_active":false,"_monsterinsights_sitenote_note":"","_monsterinsights_sitenote_category":0,"footnotes":""},"categories":[155],"tags":[202],"class_list":["post-8096","post","type-post","status-publish","format-standard","has-post-thumbnail","hentry","category-cultura","tag-sociedad"],"_links":{"self":[{"href":"https:\/\/news.digitaltv.com.ar\/index.php?rest_route=\/wp\/v2\/posts\/8096","targetHints":{"allow":["GET"]}}],"collection":[{"href":"https:\/\/news.digitaltv.com.ar\/index.php?rest_route=\/wp\/v2\/posts"}],"about":[{"href":"https:\/\/news.digitaltv.com.ar\/index.php?rest_route=\/wp\/v2\/types\/post"}],"author":[{"embeddable":true,"href":"https:\/\/news.digitaltv.com.ar\/index.php?rest_route=\/wp\/v2\/users\/8"}],"replies":[{"embeddable":true,"href":"https:\/\/news.digitaltv.com.ar\/index.php?rest_route=%2Fwp%2Fv2%2Fcomments&post=8096"}],"version-history":[{"count":1,"href":"https:\/\/news.digitaltv.com.ar\/index.php?rest_route=\/wp\/v2\/posts\/8096\/revisions"}],"predecessor-version":[{"id":8099,"href":"https:\/\/news.digitaltv.com.ar\/index.php?rest_route=\/wp\/v2\/posts\/8096\/revisions\/8099"}],"wp:featuredmedia":[{"embeddable":true,"href":"https:\/\/news.digitaltv.com.ar\/index.php?rest_route=\/wp\/v2\/media\/8098"}],"wp:attachment":[{"href":"https:\/\/news.digitaltv.com.ar\/index.php?rest_route=%2Fwp%2Fv2%2Fmedia&parent=8096"}],"wp:term":[{"taxonomy":"category","embeddable":true,"href":"https:\/\/news.digitaltv.com.ar\/index.php?rest_route=%2Fwp%2Fv2%2Fcategories&post=8096"},{"taxonomy":"post_tag","embeddable":true,"href":"https:\/\/news.digitaltv.com.ar\/index.php?rest_route=%2Fwp%2Fv2%2Ftags&post=8096"}],"curies":[{"name":"wp","href":"https:\/\/api.w.org\/{rel}","templated":true}]}}