{"id":827,"date":"2022-03-20T01:44:09","date_gmt":"2022-03-20T04:44:09","guid":{"rendered":"https:\/\/wp.digitaltv.com.ar\/?p=827"},"modified":"2022-03-20T01:44:09","modified_gmt":"2022-03-20T04:44:09","slug":"crean-fondo-del-trigo-y-fijan-nuevo-esquema-temporal-de-retenciones-para-derivados-de-soja","status":"publish","type":"post","link":"https:\/\/news.digitaltv.com.ar\/?p=827","title":{"rendered":"Crean Fondo del Trigo y fijan nuevo esquema temporal de retenciones para derivados de soja"},"content":{"rendered":"\n<p>El Gobierno nacional oficializ\u00f3 hoy la creaci\u00f3n del Fondo Estabilizador del<br>Trigo Argentino, cuya finalidad ser\u00e1 estabilizar el precio del cereal en<br>niveles preb\u00e9licos, al mismo tiempo que fij\u00f3 un nuevo esquema de derechos<br>de exportaci\u00f3n para subproductos de la soja para poder financiarlo.<br>A trav\u00e9s de los decretos 131\/22 y 132\/22 publicados hoy en el Bolet\u00edn<br>Oficial se dispuso la implementaci\u00f3n de estas dos medidas, en el marco de<br>una serie de iniciativas que el Poder Ejecutivo llevar\u00e1 a cabo con la<br>finalidad de combatir la inflaci\u00f3n, en especial la referida a alimentos,<br>que en los \u00faltimos d\u00edas mostr\u00f3 fuertes subas por la invasi\u00f3n de Rusia a<br>Ucrania.<\/p>\n\n\n\n<figure class=\"wp-block-gallery has-nested-images columns-default is-cropped wp-block-gallery-1 is-layout-flex wp-block-gallery-is-layout-flex\">\n<figure class=\"wp-block-image size-large\"><img loading=\"lazy\" decoding=\"async\" width=\"792\" height=\"445\" data-id=\"834\" src=\"https:\/\/wp.digitaltv.com.ar\/wp-content\/uploads\/2022\/03\/julian-dominguez.jpg\" alt=\"\" class=\"wp-image-834\" srcset=\"https:\/\/news.digitaltv.com.ar\/wp-content\/uploads\/2022\/03\/julian-dominguez.jpg 792w, https:\/\/news.digitaltv.com.ar\/wp-content\/uploads\/2022\/03\/julian-dominguez-300x169.jpg 300w, https:\/\/news.digitaltv.com.ar\/wp-content\/uploads\/2022\/03\/julian-dominguez-768x432.jpg 768w, https:\/\/news.digitaltv.com.ar\/wp-content\/uploads\/2022\/03\/julian-dominguez-600x337.jpg 600w\" sizes=\"auto, (max-width: 792px) 100vw, 792px\" \/><\/figure>\n<\/figure>\n\n\n\n<p>&#8220;La nueva coyuntura internacional impone la toma de medidas urgentes que<br>coadyuven a la estabilizaci\u00f3n de los precios internos de productos<br>esenciales para la alimentaci\u00f3n de los argentinos y las argentinas, as\u00ed<br>como mantener un volumen adecuado a las necesidades de abastecimiento del<br>mercado interno&#8221;, destac\u00f3 la norma que cre\u00f3 dicho Fondo.<br>En una conferencia de prensa ofrecida esta ma\u00f1ana, el ministro de<br>Agricultura, Ganader\u00eda y Pesca, Juli\u00e1n Dom\u00ednguez, detall\u00f3 que la flamante<br>herramienta tiene como objetivo &#8220;estabilizar el precio del trigo a valores<br>pre b\u00e9licos mientras duren las consecuencias del aumento a causa de la<br>guerra y desacoplar el precio argentino de los internacionales&#8221;, cuyos<br>valores pasaron de 25.000 a 35.000 pesos la tonelada en el mercado local.<br>En este sentido, marc\u00f3 que dicha meta busca &#8220;tratar de cuidar a los<br>consumidores&#8221; y que la medida &#8220;no perjudique a los productores argentinos&#8221;.<br>La instrumentaci\u00f3n y administraci\u00f3n correr\u00e1 por cuenta exclusiva de la<br>Secretar\u00eda de Comercio Interior, la cual &#8220;constituir\u00e1 un fondo de<br>fideicomiso al efecto&#8221;, seg\u00fan se inform\u00f3.<\/p>\n\n\n\n<figure class=\"wp-block-gallery has-nested-images columns-default is-cropped wp-block-gallery-2 is-layout-flex wp-block-gallery-is-layout-flex\">\n<figure class=\"wp-block-image size-large\"><img loading=\"lazy\" decoding=\"async\" width=\"696\" height=\"393\" data-id=\"829\" src=\"https:\/\/wp.digitaltv.com.ar\/wp-content\/uploads\/2022\/03\/trigo-696x393-1.jpg\" alt=\"\" class=\"wp-image-829\" srcset=\"https:\/\/news.digitaltv.com.ar\/wp-content\/uploads\/2022\/03\/trigo-696x393-1.jpg 696w, https:\/\/news.digitaltv.com.ar\/wp-content\/uploads\/2022\/03\/trigo-696x393-1-300x169.jpg 300w\" sizes=\"auto, (max-width: 696px) 100vw, 696px\" \/><\/figure>\n<\/figure>\n\n\n\n<p>No obstante, la financiaci\u00f3n del mismo se obtendr\u00e1 a partir de lo recaudado<br>tras la quita del diferencial en los derechos de exportaci\u00f3n que tributaban<br>los productos industrializados de soja respecto al poroto.<br>As\u00ed, con la publicaci\u00f3n del decreto 131\/20, el Poder Ejecutivo suspendi\u00f3 de<br>manera temporal dicho beneficio para la industria, por lo cual tanto la<br>harina como el aceite de soja, los dos principales productos de exportaci\u00f3n<br>del complejo sojero argentino, pasar\u00e1n a tributar dos puntos m\u00e1s hasta<br>alcanzar el 33%, equipar\u00e1ndose con la al\u00edcuota que paga el poroto.<br>Seg\u00fan destac\u00f3 Dom\u00ednguez, la quita de este diferencial no afectar\u00e1 al<br>productor ya que el 33% que pasar\u00e1 a pagar la exportaci\u00f3n &#8220;ya las empresas<br>las descontaban al productor. La captaci\u00f3n de este beneficio y promoci\u00f3n de<br>este decreto es solo para las empresas que exportan estos subproductos&#8221;.<br>Adem\u00e1s de estas dos medidas, el titular de la cartera agropecuaria tambi\u00e9n<br>anunci\u00f3 la apertura de los registros de exportaci\u00f3n de trigo para la<br>campa\u00f1a venidera, en pos de que los productores y la exportaci\u00f3n puedan<br>tomar el alto precio internacional del cereal.<br>As\u00ed, el Ministerio decidi\u00f3 posibilitar el registro de 8 millones de<br>toneladas m\u00e1s a las 2 millones ya autorizadas para dicho ciclo.<br>&#8220;Con esta decisi\u00f3n pretendemos lograr el objetivo de darle previsibilidad a<br>los productores para la pr\u00f3xima siembra de trigo y lograr un nuevo r\u00e9cord<br>de producci\u00f3n&#8221;, indic\u00f3 Dom\u00ednguez y concluy\u00f3: &#8220;Estamos trabajando para darle<br>a la gallina de huevos de oro de este pa\u00eds, que es el productor, la<br>previsibilidad y la confianza que requiere&#8221;.<br>Por su parte, la C\u00e1mara de la Industria Aceitera y del Centro de<br>Exportadores de Cereales (Ciara-CEC) rechaz\u00f3 el incremento en las<br>retenciones ya que consideran que &#8220;deterioran las condiciones de<br>producci\u00f3n, trabajo y exportaci\u00f3n del primer complejo exportador nacional&#8221;,<br>y consider\u00f3 que &#8220;toda la cadena de la soja se ver\u00e1 severamente<br>afectada al castigar la capacidad de pago del principal comprador de soja<br>del pa\u00eds&#8221;.<br>Adem\u00e1s, consider\u00f3 en un comunicado que la decisi\u00f3n es ilegal ya que &#8220;el<br>Poder Ejecutivo perdi\u00f3 las facultades delegadas del Congreso Nacional y el<br>decreto debe ser refrendado por la Comisi\u00f3n Bicameral&#8221;, por lo que &#8220;las<br>empresas agroexportadoras est\u00e1n analizando todas las acciones judiciales<br>para cuestionar dicho decreto&#8221;.<\/p>\n","protected":false},"excerpt":{"rendered":"<p>El Gobierno nacional oficializ\u00f3 hoy la creaci\u00f3n del Fondo Estabilizador delTrigo Argentino, cuya finalidad ser\u00e1 estabilizar el precio del cereal enniveles preb\u00e9licos, al mismo tiempo que fij\u00f3 un nuevo esquema de derechosde exportaci\u00f3n para subproductos de la soja para poder financiarlo.A trav\u00e9s de los decretos 131\/22 y 132\/22 publicados hoy en el Bolet\u00ednOficial se dispuso [&hellip;]<\/p>\n","protected":false},"author":8,"featured_media":832,"comment_status":"open","ping_status":"open","sticky":false,"template":"","format":"standard","meta":{"_monsterinsights_skip_tracking":false,"_monsterinsights_sitenote_active":false,"_monsterinsights_sitenote_note":"","_monsterinsights_sitenote_category":0,"footnotes":""},"categories":[6],"tags":[],"class_list":["post-827","post","type-post","status-publish","format-standard","has-post-thumbnail","hentry","category-politica"],"_links":{"self":[{"href":"https:\/\/news.digitaltv.com.ar\/index.php?rest_route=\/wp\/v2\/posts\/827","targetHints":{"allow":["GET"]}}],"collection":[{"href":"https:\/\/news.digitaltv.com.ar\/index.php?rest_route=\/wp\/v2\/posts"}],"about":[{"href":"https:\/\/news.digitaltv.com.ar\/index.php?rest_route=\/wp\/v2\/types\/post"}],"author":[{"embeddable":true,"href":"https:\/\/news.digitaltv.com.ar\/index.php?rest_route=\/wp\/v2\/users\/8"}],"replies":[{"embeddable":true,"href":"https:\/\/news.digitaltv.com.ar\/index.php?rest_route=%2Fwp%2Fv2%2Fcomments&post=827"}],"version-history":[{"count":2,"href":"https:\/\/news.digitaltv.com.ar\/index.php?rest_route=\/wp\/v2\/posts\/827\/revisions"}],"predecessor-version":[{"id":835,"href":"https:\/\/news.digitaltv.com.ar\/index.php?rest_route=\/wp\/v2\/posts\/827\/revisions\/835"}],"wp:featuredmedia":[{"embeddable":true,"href":"https:\/\/news.digitaltv.com.ar\/index.php?rest_route=\/wp\/v2\/media\/832"}],"wp:attachment":[{"href":"https:\/\/news.digitaltv.com.ar\/index.php?rest_route=%2Fwp%2Fv2%2Fmedia&parent=827"}],"wp:term":[{"taxonomy":"category","embeddable":true,"href":"https:\/\/news.digitaltv.com.ar\/index.php?rest_route=%2Fwp%2Fv2%2Fcategories&post=827"},{"taxonomy":"post_tag","embeddable":true,"href":"https:\/\/news.digitaltv.com.ar\/index.php?rest_route=%2Fwp%2Fv2%2Ftags&post=827"}],"curies":[{"name":"wp","href":"https:\/\/api.w.org\/{rel}","templated":true}]}}