{"id":841,"date":"2022-03-20T01:42:18","date_gmt":"2022-03-20T04:42:18","guid":{"rendered":"https:\/\/wp.digitaltv.com.ar\/?p=841"},"modified":"2022-03-20T12:17:45","modified_gmt":"2022-03-20T15:17:45","slug":"ataques-rusos-en-el-sur-y-corredores-humanitarios-un-repaso-del-dia-24-de-la-guerra-en-ucrania","status":"publish","type":"post","link":"https:\/\/news.digitaltv.com.ar\/?p=841","title":{"rendered":"Ataques rusos en el sur y corredores humanitarios: un repaso del d\u00eda 24 de la guerra en Ucrania"},"content":{"rendered":"\n<p>El siguiente es un repaso de los principales hechos ocurridos hoy, en el<br>d\u00eda 24 de la invasi\u00f3n de Rusia a Ucrania:Los ataques a\u00e9reos rusos se sucedieron hoy a un ritmo vertiginoso en<br>Mikolaiv, en el sur de Ucrania, donde decenas de soldados fallecieron ayer<br>luego de que un cuartel fuese alcanzado por seis cohetes, inform\u00f3 el<br>gobernador regional, Vitali Klim. &#8220;No alcanzamos a dar el alerta: cuando<br>anunciamos una oleada, esta ya lleg\u00f3. El mensaje (de alerta) y los<br>bombardeos llegan al mismo tiempo&#8221;, afirm\u00f3 Klim en las redes sociales. El<br>gobernador no dio ning\u00fan parte de da\u00f1os ni de eventuales v\u00edctimas.<\/p>\n\n\n\n<p>El Ministerio de Defensa ruso confirm\u00f3 hoy por primera vez el uso de<br>misiles hipers\u00f3nicos &#8220;Kinjal&#8221; para destruir un dep\u00f3sito subterr\u00e1neo de<br>armas en el oeste de Ucrania. Rusia nunca hab\u00eda informado previamente del<br>uso de este misil bal\u00edstico en ninguno de los dos conflictos donde es parte<br>beligerante, Ucrania y Siria, precis\u00f3 la agencia de noticias AFP.<\/p>\n\n\n\n<p>Trabajadores del Programa Mundial de Alimentos (PMA) tacharon hoy de<br>&#8220;inaceptable&#8221; la t\u00e1ctica de asedio que est\u00e1n sufriendo miles de personas<br>atrapadas en ciudades ucranianas, como ocurre en Mariupol, donde la<br>situaci\u00f3n es &#8220;catastr\u00f3fica&#8221;. &#8220;El desaf\u00edo es llegar a las ciudades que est\u00e1n<br>rodeadas o que est\u00e1n a punto de serlo&#8221;, explic\u00f3 Jakob Kern, coordinador de<br>emergencia de la agencia de la ONU.<\/p>\n\n\n\n<p>La viceprimera ministra de Ucrania, Irina Vereshchuk, confirm\u00f3 hoy el<br>establecimiento de 10 corredores humanitarios para la evacuaci\u00f3n de los<br>civiles de las zonas de guerra y asegur\u00f3 que 190.000 personas fueron<br>evacuadas hasta ahora del pa\u00eds a trav\u00e9s de estas v\u00edas que facilitan la<br>libre circulaci\u00f3n. Uno de ellos parte de la ciudad de Mariupol, escenario<br>de los enfrentamientos m\u00e1s duros de la guerra por su ubicaci\u00f3n estrat\u00e9gica.<\/p>\n\n\n\n<p>El Ministerio de Defensa de Reino Unido consider\u00f3 hoy que el Ej\u00e9rcito<br>ruso planea un cambio de estrategia para iniciar una guerra de &#8220;desgaste&#8221;<br>en Ucrania que llevar\u00e1 a &#8220;un empeoramiento de la crisis humanitaria&#8221;,<br>mientras que el premier brit\u00e1nico, Boris Johnson, advirti\u00f3 que una victoria<br>rusa en ese pa\u00eds significar\u00eda el principio de una &#8220;nueva era de<br>intimidaci\u00f3n&#8221; de Mosc\u00fa hacia otras naciones vecinas.<\/p>\n\n\n\n<p>El presidente de Polonia, Mateusz Morawiecki, propuso hoy a la Uni\u00f3n<br>Europea (UE) implementar una prohibici\u00f3n total del comercio con Rusia para<br>obligar a ese pa\u00eds a detener la guerra en Ucrania. El cuarto paquete de<br>sanciones aprobado esta semana por la UE incluye la prohibici\u00f3n de exportar<br>art\u00edculos de lujo, limita las transacciones con ciertas compa\u00f1\u00edas estatales<br>y le quita el estatus de pa\u00eds m\u00e1s favorecido en el \u00e1mbito de la<br>Organizaci\u00f3n Mundial del Comercio (OMC).<\/p>\n\n\n\n<p>El gigante de energ\u00eda ruso Gazprom sigue suministrando gas a Europa con<br>normalidad a trav\u00e9s del territorio ucraniano, pese a la guerra, inform\u00f3 hoy<br>la empresa estatal. Actualmente la UE importa el 90% del gas que necesita y<br>Rusia sigue siendo su principal proveedor, pese a las sanciones y<br>represalias econ\u00f3micas por la invasi\u00f3n.<\/p>\n","protected":false},"excerpt":{"rendered":"<p>El siguiente es un repaso de los principales hechos ocurridos hoy, en eld\u00eda 24 de la invasi\u00f3n de Rusia a Ucrania:Los ataques a\u00e9reos rusos se sucedieron hoy a un ritmo vertiginoso enMikolaiv, en el sur de Ucrania, donde decenas de soldados fallecieron ayerluego de que un cuartel fuese alcanzado por seis cohetes, inform\u00f3 elgobernador regional, [&hellip;]<\/p>\n","protected":false},"author":8,"featured_media":842,"comment_status":"open","ping_status":"open","sticky":false,"template":"","format":"standard","meta":{"_monsterinsights_skip_tracking":false,"_monsterinsights_sitenote_active":false,"_monsterinsights_sitenote_note":"","_monsterinsights_sitenote_category":0,"footnotes":""},"categories":[150,6],"tags":[160],"class_list":["post-841","post","type-post","status-publish","format-standard","has-post-thumbnail","hentry","category-actualidad","category-politica","tag-160"],"_links":{"self":[{"href":"https:\/\/news.digitaltv.com.ar\/index.php?rest_route=\/wp\/v2\/posts\/841","targetHints":{"allow":["GET"]}}],"collection":[{"href":"https:\/\/news.digitaltv.com.ar\/index.php?rest_route=\/wp\/v2\/posts"}],"about":[{"href":"https:\/\/news.digitaltv.com.ar\/index.php?rest_route=\/wp\/v2\/types\/post"}],"author":[{"embeddable":true,"href":"https:\/\/news.digitaltv.com.ar\/index.php?rest_route=\/wp\/v2\/users\/8"}],"replies":[{"embeddable":true,"href":"https:\/\/news.digitaltv.com.ar\/index.php?rest_route=%2Fwp%2Fv2%2Fcomments&post=841"}],"version-history":[{"count":1,"href":"https:\/\/news.digitaltv.com.ar\/index.php?rest_route=\/wp\/v2\/posts\/841\/revisions"}],"predecessor-version":[{"id":843,"href":"https:\/\/news.digitaltv.com.ar\/index.php?rest_route=\/wp\/v2\/posts\/841\/revisions\/843"}],"wp:featuredmedia":[{"embeddable":true,"href":"https:\/\/news.digitaltv.com.ar\/index.php?rest_route=\/wp\/v2\/media\/842"}],"wp:attachment":[{"href":"https:\/\/news.digitaltv.com.ar\/index.php?rest_route=%2Fwp%2Fv2%2Fmedia&parent=841"}],"wp:term":[{"taxonomy":"category","embeddable":true,"href":"https:\/\/news.digitaltv.com.ar\/index.php?rest_route=%2Fwp%2Fv2%2Fcategories&post=841"},{"taxonomy":"post_tag","embeddable":true,"href":"https:\/\/news.digitaltv.com.ar\/index.php?rest_route=%2Fwp%2Fv2%2Ftags&post=841"}],"curies":[{"name":"wp","href":"https:\/\/api.w.org\/{rel}","templated":true}]}}